{"id":1000,"date":"2017-10-11T15:18:21","date_gmt":"2017-10-11T13:18:21","guid":{"rendered":"http:\/\/www.fonds-alienor.fr\/?p=1000"},"modified":"2021-04-20T17:04:14","modified_gmt":"2021-04-20T15:04:14","slug":"frederick-gersal-trait-entre-grand-public-fonds-alienor","status":"publish","type":"post","link":"https:\/\/www.fonds-alienor.fr\/en\/frederick-gersal-trait-entre-grand-public-fonds-alienor\/","title":{"rendered":"Fr\u00e9d\u00e9rick Gersal : &#8220;Un trait d&#8217;union entre le grand public et le fonds Ali\u00e9nor&#8221;"},"content":{"rendered":"<figure id=\"attachment_972\" aria-describedby=\"caption-attachment-972\" style=\"width: 800px\" class=\"wp-caption aligncenter\"><img decoding=\"async\" class=\"wp-image-972 size-full\" src=\"https:\/\/www.fonds-alienor.fr\/wp-content\/uploads\/2017\/09\/Fr\u00e9d\u00e9rick-Gersal.jpg\" alt=\"Fr\u00e9d\u00e9rick Gersal, journaliste et parrain du fonds Ali\u00e9nor\" width=\"800\" height=\"513\" srcset=\"https:\/\/www.fonds-alienor.fr\/wp-content\/uploads\/2017\/09\/Fr\u00e9d\u00e9rick-Gersal.jpg 800w, https:\/\/www.fonds-alienor.fr\/wp-content\/uploads\/2017\/09\/Fr\u00e9d\u00e9rick-Gersal-300x192.jpg 300w, https:\/\/www.fonds-alienor.fr\/wp-content\/uploads\/2017\/09\/Fr\u00e9d\u00e9rick-Gersal-768x492.jpg 768w\" sizes=\"(max-width: 800px) 100vw, 800px\" \/><figcaption id=\"caption-attachment-972\" class=\"wp-caption-text\">Fr\u00e9d\u00e9rick Gersal, journaliste et parrain du fonds Ali\u00e9nor<\/figcaption><\/figure>\n<p>Fr\u00e9d\u00e9rick Gersal est journaliste et raconteur d\u2019histoires. Connu pour ses chroniques sur Radio France, on le voit aussi tr\u00e8s souvent dans l\u2019\u00e9mission t\u00e9l\u00e9vis\u00e9e T\u00e9l\u00e9matin pour y \u00e9voquer un personnage ou un \u00e9v\u00e9nement historique, \u00e0 l\u2019occasion d\u2019un anniversaire, d\u2019une exposition ou d\u2019une manifestation culturelle.<\/p>\n<p>Fr\u00e9d\u00e9rick Gersal est le parrain du fonds Ali\u00e9nor. Il est l\u2019ambassadeur du fonds lors des manifestations organis\u00e9es \u00e0 destination du grand public et des m\u00e9c\u00e8nes, du personnel, \u00e0 commencer par la nuit des chercheurs le 27 septembre dernier au CHU. Il marque ainsi son soutien \u00e0 la recherche en sant\u00e9 et \u00e0 l\u2019innovation m\u00e9dicale au CHU de Poitiers.<\/p>\n<p><strong>\u00a0<\/strong><\/p>\n<p><strong>Comment avez-vous \u00e9t\u00e9 amen\u00e9 \u00e0 soutenir le fonds Ali\u00e9nor\u00a0?<br \/>\n<\/strong>J\u2019ai \u00e9t\u00e9 contact\u00e9 par St\u00e9phan Maret, le tr\u00e9sorier du fonds Ali\u00e9nor, et nous avons longuement discut\u00e9, notamment de ce que je pense de ce genre d\u2019actions. Je vous avoue que j\u2019ai \u00e9t\u00e9 tr\u00e8s touch\u00e9 par cette d\u00e9marche. Il s\u2019agit d\u2019une grande responsabilit\u00e9 que d\u2019\u00eatre le parrain du fonds Ali\u00e9nor. Au fur et \u00e0 mesure des \u00e9changes avec St\u00e9phan Maret, les choses se sont profil\u00e9es. Il m\u2019a expos\u00e9 les missions du fonds Ali\u00e9nor et ses actions, ce que l\u2019on attend du parrainage. Par ailleurs, je me suis document\u00e9 sur les projets soutenus. L\u2019id\u00e9e n\u2019est pas de parler de moi, mais du fonds Ali\u00e9nor.<\/p>\n<p>&nbsp;<\/p>\n<p><strong>Comment consid\u00e9rez-vous votre r\u00f4le de parrain du fonds Ali\u00e9nor\u00a0?<br \/>\n<\/strong>\u00catre le parrain du fonds Ali\u00e9nor est une grande fiert\u00e9. Mon r\u00f4le est de faire conna\u00eetre et de faire savoir. Je ne suis pas m\u00e9decin, je ne suis pas chercheur mais je suis fils et petit-fils de m\u00e9decin, donc j\u2019ai baign\u00e9 dans cet univers depuis toujours. Je me vois comme un trait d\u2019union entre le grand public et le fonds Ali\u00e9nor, et si ma notori\u00e9t\u00e9 peut aider aupr\u00e8s des m\u00e9c\u00e8nes et des donateurs particuliers, c\u2019est un bonus.<\/p>\n<p>&nbsp;<\/p>\n<p><strong>Quel regard portez-vous sur les projets soutenus par le fonds Ali\u00e9nor\u00a0?<br \/>\n<\/strong>Je ne me permettrais aucun jugement sur les projets car il s\u2019agit d\u2019un travail colossal. J\u2019ai discut\u00e9 avec les professeurs, les m\u00e9decins et les scientifiques de leurs besoins dans leurs travaux. Et vous savez, si les fruits de la recherche arrivent \u00e0 toucher la vie quotidienne des gens, alors on aura fait beaucoup. Tous ces projets nous concernent \u00e0 un moment donn\u00e9 dans notre vie.<\/p>\n<p>&nbsp;<\/p>\n<p><strong>Parmi ces projets, il y en a-t-il un qui vous touche particuli\u00e8rement\u00a0?<br \/>\n<\/strong>La DMLA, les stents\u2026 Et cette maison de la sant\u00e9 publique qui est extraordinaire\u00a0! J\u2019ai entendu le professeur Virginie Migeot en parler comme si c\u2019\u00e9tait sa propre maison. Elle n\u2019est pas seulement d\u00e9di\u00e9e aux patients, mais aussi aux m\u00e9decins, aux chercheurs, aux associations et elle vient comme un toit au-dessus de tout cela.<\/p>\n<p>&nbsp;<\/p>\n<p><strong>Quelle histoire imaginez-vous pour le fonds Ali\u00e9nor\u00a0?<br \/>\n<\/strong>Je lui souhaite une longue vie\u00a0! Bien se faire comprendre est un vrai pari \u00e0 chaque fois et, pour cela, il faut \u00eatre le plus transparent possible, montrer que l\u2019argent n\u2019est pas jet\u00e9 par les fen\u00eatres. Depuis la cr\u00e9ation du fonds, il y a eu des \u00e9volutions dans les travaux de recherche. Chacun participe \u00e0 l\u2019effort commun pour le bien de tous\u00a0: le CHU, les entreprises et le grand public. Le fonds Ali\u00e9nor est un beau projet, plac\u00e9 sous l\u2019\u00e9gide d\u2019Ali\u00e9nor d\u2019Aquitaine, une femme qui s\u2019est battue pour ses contemporains, cela ne pouvait que parler au raconteur d\u2019histoire que je suis.<\/p>\n","protected":false},"excerpt":{"rendered":"<p>Fr\u00e9d\u00e9rick Gersal est journaliste et raconteur d\u2019histoires. Connu pour ses chroniques sur Radio France, on le voit aussi tr\u00e8s souvent dans l\u2019\u00e9mission t\u00e9l\u00e9vis\u00e9e T\u00e9l\u00e9matin pour y \u00e9voquer un personnage ou un \u00e9v\u00e9nement historique, \u00e0 l\u2019occasion d\u2019un anniversaire, d\u2019une exposition ou d\u2019une manifestation culturelle. Fr\u00e9d\u00e9rick Gersal est le parrain du fonds Ali\u00e9nor. Il est l\u2019ambassadeur du [&hellip;]<\/p>\n","protected":false},"author":13,"featured_media":972,"comment_status":"open","ping_status":"open","sticky":false,"template":"","format":"standard","meta":{"footnotes":""},"categories":[1],"tags":[],"class_list":["post-1000","post","type-post","status-publish","format-standard","has-post-thumbnail","hentry","category-non-classe"],"yoast_head":"<!-- This site is optimized with the Yoast SEO plugin v27.3 - https:\/\/yoast.com\/product\/yoast-seo-wordpress\/ -->\n<title>Fr\u00e9d\u00e9rick Gersal : &quot;Un trait d&#039;union entre le grand public et le fonds Ali\u00e9nor&quot; - Fonds Ali\u00e9nor<\/title>\n<meta name=\"robots\" content=\"index, follow, max-snippet:-1, max-image-preview:large, max-video-preview:-1\" \/>\n<link rel=\"canonical\" href=\"https:\/\/www.fonds-alienor.fr\/frederick-gersal-trait-entre-grand-public-fonds-alienor\/\" \/>\n<meta property=\"og:locale\" content=\"en_US\" \/>\n<meta property=\"og:type\" content=\"article\" \/>\n<meta property=\"og:title\" content=\"Fr\u00e9d\u00e9rick Gersal : &quot;Un trait d&#039;union entre le grand public et le fonds Ali\u00e9nor&quot; - Fonds Ali\u00e9nor\" \/>\n<meta property=\"og:description\" content=\"Fr\u00e9d\u00e9rick Gersal est journaliste et raconteur d\u2019histoires. Connu pour ses chroniques sur Radio France, on le voit aussi tr\u00e8s souvent dans l\u2019\u00e9mission t\u00e9l\u00e9vis\u00e9e T\u00e9l\u00e9matin pour y \u00e9voquer un personnage ou un \u00e9v\u00e9nement historique, \u00e0 l\u2019occasion d\u2019un anniversaire, d\u2019une exposition ou d\u2019une manifestation culturelle. Fr\u00e9d\u00e9rick Gersal est le parrain du fonds Ali\u00e9nor. Il est l\u2019ambassadeur du [&hellip;]\" \/>\n<meta property=\"og:url\" content=\"https:\/\/www.fonds-alienor.fr\/frederick-gersal-trait-entre-grand-public-fonds-alienor\/\" \/>\n<meta property=\"og:site_name\" content=\"Fonds Ali\u00e9nor\" \/>\n<meta property=\"article:publisher\" content=\"https:\/\/www.facebook.com\/chudepoitiers\" \/>\n<meta property=\"article:published_time\" content=\"2017-10-11T13:18:21+00:00\" \/>\n<meta property=\"article:modified_time\" content=\"2021-04-20T15:04:14+00:00\" \/>\n<meta property=\"og:image\" content=\"https:\/\/www.fonds-alienor.fr\/wp-content\/uploads\/2017\/09\/Fr\u00e9d\u00e9rick-Gersal.jpg\" \/>\n\t<meta property=\"og:image:width\" content=\"800\" \/>\n\t<meta property=\"og:image:height\" content=\"513\" \/>\n\t<meta property=\"og:image:type\" content=\"image\/jpeg\" \/>\n<meta name=\"author\" content=\"Communication CHU\" \/>\n<meta name=\"twitter:card\" content=\"summary_large_image\" \/>\n<meta name=\"twitter:creator\" content=\"@CHU_de_Poitiers\" \/>\n<meta name=\"twitter:site\" content=\"@CHU_de_Poitiers\" \/>\n<meta name=\"twitter:label1\" content=\"Written by\" \/>\n\t<meta name=\"twitter:data1\" content=\"Communication CHU\" \/>\n\t<meta name=\"twitter:label2\" content=\"Est. reading time\" \/>\n\t<meta name=\"twitter:data2\" content=\"3 minutes\" \/>\n<script type=\"application\/ld+json\" class=\"yoast-schema-graph\">{\"@context\":\"https:\\\/\\\/schema.org\",\"@graph\":[{\"@type\":\"Article\",\"@id\":\"https:\\\/\\\/www.fonds-alienor.fr\\\/frederick-gersal-trait-entre-grand-public-fonds-alienor\\\/#article\",\"isPartOf\":{\"@id\":\"https:\\\/\\\/www.fonds-alienor.fr\\\/frederick-gersal-trait-entre-grand-public-fonds-alienor\\\/\"},\"author\":{\"name\":\"Communication CHU\",\"@id\":\"https:\\\/\\\/www.fonds-alienor.fr\\\/en\\\/#\\\/schema\\\/person\\\/dfcb6f976a0035c0d28ef0ec1162497d\"},\"headline\":\"Fr\u00e9d\u00e9rick Gersal : &#8220;Un trait d&#8217;union entre le grand public et le fonds Ali\u00e9nor&#8221;\",\"datePublished\":\"2017-10-11T13:18:21+00:00\",\"dateModified\":\"2021-04-20T15:04:14+00:00\",\"mainEntityOfPage\":{\"@id\":\"https:\\\/\\\/www.fonds-alienor.fr\\\/frederick-gersal-trait-entre-grand-public-fonds-alienor\\\/\"},\"wordCount\":661,\"commentCount\":0,\"publisher\":{\"@id\":\"https:\\\/\\\/www.fonds-alienor.fr\\\/en\\\/#organization\"},\"image\":{\"@id\":\"https:\\\/\\\/www.fonds-alienor.fr\\\/frederick-gersal-trait-entre-grand-public-fonds-alienor\\\/#primaryimage\"},\"thumbnailUrl\":\"https:\\\/\\\/www.fonds-alienor.fr\\\/wp-content\\\/uploads\\\/2017\\\/09\\\/Fr\u00e9d\u00e9rick-Gersal.jpg\",\"articleSection\":[\"Non class\u00e9\"],\"inLanguage\":\"en-US\"},{\"@type\":\"WebPage\",\"@id\":\"https:\\\/\\\/www.fonds-alienor.fr\\\/frederick-gersal-trait-entre-grand-public-fonds-alienor\\\/\",\"url\":\"https:\\\/\\\/www.fonds-alienor.fr\\\/frederick-gersal-trait-entre-grand-public-fonds-alienor\\\/\",\"name\":\"Fr\u00e9d\u00e9rick Gersal : \\\"Un trait d'union entre le grand public et le fonds Ali\u00e9nor\\\" - Fonds Ali\u00e9nor\",\"isPartOf\":{\"@id\":\"https:\\\/\\\/www.fonds-alienor.fr\\\/en\\\/#website\"},\"primaryImageOfPage\":{\"@id\":\"https:\\\/\\\/www.fonds-alienor.fr\\\/frederick-gersal-trait-entre-grand-public-fonds-alienor\\\/#primaryimage\"},\"image\":{\"@id\":\"https:\\\/\\\/www.fonds-alienor.fr\\\/frederick-gersal-trait-entre-grand-public-fonds-alienor\\\/#primaryimage\"},\"thumbnailUrl\":\"https:\\\/\\\/www.fonds-alienor.fr\\\/wp-content\\\/uploads\\\/2017\\\/09\\\/Fr\u00e9d\u00e9rick-Gersal.jpg\",\"datePublished\":\"2017-10-11T13:18:21+00:00\",\"dateModified\":\"2021-04-20T15:04:14+00:00\",\"breadcrumb\":{\"@id\":\"https:\\\/\\\/www.fonds-alienor.fr\\\/frederick-gersal-trait-entre-grand-public-fonds-alienor\\\/#breadcrumb\"},\"inLanguage\":\"en-US\",\"potentialAction\":[{\"@type\":\"ReadAction\",\"target\":[\"https:\\\/\\\/www.fonds-alienor.fr\\\/frederick-gersal-trait-entre-grand-public-fonds-alienor\\\/\"]}]},{\"@type\":\"ImageObject\",\"inLanguage\":\"en-US\",\"@id\":\"https:\\\/\\\/www.fonds-alienor.fr\\\/frederick-gersal-trait-entre-grand-public-fonds-alienor\\\/#primaryimage\",\"url\":\"https:\\\/\\\/www.fonds-alienor.fr\\\/wp-content\\\/uploads\\\/2017\\\/09\\\/Fr\u00e9d\u00e9rick-Gersal.jpg\",\"contentUrl\":\"https:\\\/\\\/www.fonds-alienor.fr\\\/wp-content\\\/uploads\\\/2017\\\/09\\\/Fr\u00e9d\u00e9rick-Gersal.jpg\",\"width\":800,\"height\":513,\"caption\":\"Fr\u00e9d\u00e9rick Gersal, journaliste et parrain du fonds Ali\u00e9nor. \u00a9 Jean-Michel Piqu\u00e9\"},{\"@type\":\"BreadcrumbList\",\"@id\":\"https:\\\/\\\/www.fonds-alienor.fr\\\/frederick-gersal-trait-entre-grand-public-fonds-alienor\\\/#breadcrumb\",\"itemListElement\":[{\"@type\":\"ListItem\",\"position\":1,\"name\":\"Accueil\",\"item\":\"https:\\\/\\\/www.fonds-alienor.fr\\\/en\\\/\"},{\"@type\":\"ListItem\",\"position\":2,\"name\":\"Fr\u00e9d\u00e9rick Gersal : \u00ab\u00a0Un trait d&rsquo;union entre le grand public et le fonds Ali\u00e9nor\u00a0\u00bb\"}]},{\"@type\":\"WebSite\",\"@id\":\"https:\\\/\\\/www.fonds-alienor.fr\\\/en\\\/#website\",\"url\":\"https:\\\/\\\/www.fonds-alienor.fr\\\/en\\\/\",\"name\":\"Fonds Ali\u00e9nor\",\"description\":\"Emmenons la recherche m\u00e9dicale\",\"publisher\":{\"@id\":\"https:\\\/\\\/www.fonds-alienor.fr\\\/en\\\/#organization\"},\"potentialAction\":[{\"@type\":\"SearchAction\",\"target\":{\"@type\":\"EntryPoint\",\"urlTemplate\":\"https:\\\/\\\/www.fonds-alienor.fr\\\/en\\\/?s={search_term_string}\"},\"query-input\":{\"@type\":\"PropertyValueSpecification\",\"valueRequired\":true,\"valueName\":\"search_term_string\"}}],\"inLanguage\":\"en-US\"},{\"@type\":\"Organization\",\"@id\":\"https:\\\/\\\/www.fonds-alienor.fr\\\/en\\\/#organization\",\"name\":\"Fonds Ali\u00e9nor du CHU de Poitiers\",\"url\":\"https:\\\/\\\/www.fonds-alienor.fr\\\/en\\\/\",\"logo\":{\"@type\":\"ImageObject\",\"inLanguage\":\"en-US\",\"@id\":\"https:\\\/\\\/www.fonds-alienor.fr\\\/en\\\/#\\\/schema\\\/logo\\\/image\\\/\",\"url\":\"https:\\\/\\\/www.fonds-alienor.fr\\\/wp-content\\\/uploads\\\/2025\\\/10\\\/logo_114px.png\",\"contentUrl\":\"https:\\\/\\\/www.fonds-alienor.fr\\\/wp-content\\\/uploads\\\/2025\\\/10\\\/logo_114px.png\",\"width\":114,\"height\":114,\"caption\":\"Fonds Ali\u00e9nor du CHU de Poitiers\"},\"image\":{\"@id\":\"https:\\\/\\\/www.fonds-alienor.fr\\\/en\\\/#\\\/schema\\\/logo\\\/image\\\/\"},\"sameAs\":[\"https:\\\/\\\/www.facebook.com\\\/chudepoitiers\",\"https:\\\/\\\/x.com\\\/CHU_de_Poitiers\",\"https:\\\/\\\/www.linkedin.com\\\/company\\\/chu-poitiers?trk=company_logo\",\"https:\\\/\\\/www.youtube.com\\\/channel\\\/UCPpTSqyLsR5a-hXJA7zZ6cA\"]},{\"@type\":\"Person\",\"@id\":\"https:\\\/\\\/www.fonds-alienor.fr\\\/en\\\/#\\\/schema\\\/person\\\/dfcb6f976a0035c0d28ef0ec1162497d\",\"name\":\"Communication CHU\",\"image\":{\"@type\":\"ImageObject\",\"inLanguage\":\"en-US\",\"@id\":\"https:\\\/\\\/secure.gravatar.com\\\/avatar\\\/e8241b1c4008757b3d6534121ad6d468fe3328c0ca9477a2023015afad018635?s=96&d=mm&r=g\",\"url\":\"https:\\\/\\\/secure.gravatar.com\\\/avatar\\\/e8241b1c4008757b3d6534121ad6d468fe3328c0ca9477a2023015afad018635?s=96&d=mm&r=g\",\"contentUrl\":\"https:\\\/\\\/secure.gravatar.com\\\/avatar\\\/e8241b1c4008757b3d6534121ad6d468fe3328c0ca9477a2023015afad018635?s=96&d=mm&r=g\",\"caption\":\"Communication CHU\"},\"url\":\"https:\\\/\\\/www.fonds-alienor.fr\\\/en\\\/\"}]}<\/script>\n<!-- \/ Yoast SEO plugin. -->","yoast_head_json":{"title":"Fr\u00e9d\u00e9rick Gersal : \"Un trait d'union entre le grand public et le fonds Ali\u00e9nor\" - Fonds Ali\u00e9nor","robots":{"index":"index","follow":"follow","max-snippet":"max-snippet:-1","max-image-preview":"max-image-preview:large","max-video-preview":"max-video-preview:-1"},"canonical":"https:\/\/www.fonds-alienor.fr\/frederick-gersal-trait-entre-grand-public-fonds-alienor\/","og_locale":"en_US","og_type":"article","og_title":"Fr\u00e9d\u00e9rick Gersal : \"Un trait d'union entre le grand public et le fonds Ali\u00e9nor\" - Fonds Ali\u00e9nor","og_description":"Fr\u00e9d\u00e9rick Gersal est journaliste et raconteur d\u2019histoires. Connu pour ses chroniques sur Radio France, on le voit aussi tr\u00e8s souvent dans l\u2019\u00e9mission t\u00e9l\u00e9vis\u00e9e T\u00e9l\u00e9matin pour y \u00e9voquer un personnage ou un \u00e9v\u00e9nement historique, \u00e0 l\u2019occasion d\u2019un anniversaire, d\u2019une exposition ou d\u2019une manifestation culturelle. Fr\u00e9d\u00e9rick Gersal est le parrain du fonds Ali\u00e9nor. Il est l\u2019ambassadeur du [&hellip;]","og_url":"https:\/\/www.fonds-alienor.fr\/frederick-gersal-trait-entre-grand-public-fonds-alienor\/","og_site_name":"Fonds Ali\u00e9nor","article_publisher":"https:\/\/www.facebook.com\/chudepoitiers","article_published_time":"2017-10-11T13:18:21+00:00","article_modified_time":"2021-04-20T15:04:14+00:00","og_image":[{"width":800,"height":513,"url":"https:\/\/www.fonds-alienor.fr\/wp-content\/uploads\/2017\/09\/Fr\u00e9d\u00e9rick-Gersal.jpg","type":"image\/jpeg"}],"author":"Communication CHU","twitter_card":"summary_large_image","twitter_creator":"@CHU_de_Poitiers","twitter_site":"@CHU_de_Poitiers","twitter_misc":{"Written by":"Communication CHU","Est. reading time":"3 minutes"},"schema":{"@context":"https:\/\/schema.org","@graph":[{"@type":"Article","@id":"https:\/\/www.fonds-alienor.fr\/frederick-gersal-trait-entre-grand-public-fonds-alienor\/#article","isPartOf":{"@id":"https:\/\/www.fonds-alienor.fr\/frederick-gersal-trait-entre-grand-public-fonds-alienor\/"},"author":{"name":"Communication CHU","@id":"https:\/\/www.fonds-alienor.fr\/en\/#\/schema\/person\/dfcb6f976a0035c0d28ef0ec1162497d"},"headline":"Fr\u00e9d\u00e9rick Gersal : &#8220;Un trait d&#8217;union entre le grand public et le fonds Ali\u00e9nor&#8221;","datePublished":"2017-10-11T13:18:21+00:00","dateModified":"2021-04-20T15:04:14+00:00","mainEntityOfPage":{"@id":"https:\/\/www.fonds-alienor.fr\/frederick-gersal-trait-entre-grand-public-fonds-alienor\/"},"wordCount":661,"commentCount":0,"publisher":{"@id":"https:\/\/www.fonds-alienor.fr\/en\/#organization"},"image":{"@id":"https:\/\/www.fonds-alienor.fr\/frederick-gersal-trait-entre-grand-public-fonds-alienor\/#primaryimage"},"thumbnailUrl":"https:\/\/www.fonds-alienor.fr\/wp-content\/uploads\/2017\/09\/Fr\u00e9d\u00e9rick-Gersal.jpg","articleSection":["Non class\u00e9"],"inLanguage":"en-US"},{"@type":"WebPage","@id":"https:\/\/www.fonds-alienor.fr\/frederick-gersal-trait-entre-grand-public-fonds-alienor\/","url":"https:\/\/www.fonds-alienor.fr\/frederick-gersal-trait-entre-grand-public-fonds-alienor\/","name":"Fr\u00e9d\u00e9rick Gersal : \"Un trait d'union entre le grand public et le fonds Ali\u00e9nor\" - Fonds Ali\u00e9nor","isPartOf":{"@id":"https:\/\/www.fonds-alienor.fr\/en\/#website"},"primaryImageOfPage":{"@id":"https:\/\/www.fonds-alienor.fr\/frederick-gersal-trait-entre-grand-public-fonds-alienor\/#primaryimage"},"image":{"@id":"https:\/\/www.fonds-alienor.fr\/frederick-gersal-trait-entre-grand-public-fonds-alienor\/#primaryimage"},"thumbnailUrl":"https:\/\/www.fonds-alienor.fr\/wp-content\/uploads\/2017\/09\/Fr\u00e9d\u00e9rick-Gersal.jpg","datePublished":"2017-10-11T13:18:21+00:00","dateModified":"2021-04-20T15:04:14+00:00","breadcrumb":{"@id":"https:\/\/www.fonds-alienor.fr\/frederick-gersal-trait-entre-grand-public-fonds-alienor\/#breadcrumb"},"inLanguage":"en-US","potentialAction":[{"@type":"ReadAction","target":["https:\/\/www.fonds-alienor.fr\/frederick-gersal-trait-entre-grand-public-fonds-alienor\/"]}]},{"@type":"ImageObject","inLanguage":"en-US","@id":"https:\/\/www.fonds-alienor.fr\/frederick-gersal-trait-entre-grand-public-fonds-alienor\/#primaryimage","url":"https:\/\/www.fonds-alienor.fr\/wp-content\/uploads\/2017\/09\/Fr\u00e9d\u00e9rick-Gersal.jpg","contentUrl":"https:\/\/www.fonds-alienor.fr\/wp-content\/uploads\/2017\/09\/Fr\u00e9d\u00e9rick-Gersal.jpg","width":800,"height":513,"caption":"Fr\u00e9d\u00e9rick Gersal, journaliste et parrain du fonds Ali\u00e9nor. \u00a9 Jean-Michel Piqu\u00e9"},{"@type":"BreadcrumbList","@id":"https:\/\/www.fonds-alienor.fr\/frederick-gersal-trait-entre-grand-public-fonds-alienor\/#breadcrumb","itemListElement":[{"@type":"ListItem","position":1,"name":"Accueil","item":"https:\/\/www.fonds-alienor.fr\/en\/"},{"@type":"ListItem","position":2,"name":"Fr\u00e9d\u00e9rick Gersal : \u00ab\u00a0Un trait d&rsquo;union entre le grand public et le fonds Ali\u00e9nor\u00a0\u00bb"}]},{"@type":"WebSite","@id":"https:\/\/www.fonds-alienor.fr\/en\/#website","url":"https:\/\/www.fonds-alienor.fr\/en\/","name":"Fonds Ali\u00e9nor","description":"Emmenons la recherche m\u00e9dicale","publisher":{"@id":"https:\/\/www.fonds-alienor.fr\/en\/#organization"},"potentialAction":[{"@type":"SearchAction","target":{"@type":"EntryPoint","urlTemplate":"https:\/\/www.fonds-alienor.fr\/en\/?s={search_term_string}"},"query-input":{"@type":"PropertyValueSpecification","valueRequired":true,"valueName":"search_term_string"}}],"inLanguage":"en-US"},{"@type":"Organization","@id":"https:\/\/www.fonds-alienor.fr\/en\/#organization","name":"Fonds Ali\u00e9nor du CHU de Poitiers","url":"https:\/\/www.fonds-alienor.fr\/en\/","logo":{"@type":"ImageObject","inLanguage":"en-US","@id":"https:\/\/www.fonds-alienor.fr\/en\/#\/schema\/logo\/image\/","url":"https:\/\/www.fonds-alienor.fr\/wp-content\/uploads\/2025\/10\/logo_114px.png","contentUrl":"https:\/\/www.fonds-alienor.fr\/wp-content\/uploads\/2025\/10\/logo_114px.png","width":114,"height":114,"caption":"Fonds Ali\u00e9nor du CHU de Poitiers"},"image":{"@id":"https:\/\/www.fonds-alienor.fr\/en\/#\/schema\/logo\/image\/"},"sameAs":["https:\/\/www.facebook.com\/chudepoitiers","https:\/\/x.com\/CHU_de_Poitiers","https:\/\/www.linkedin.com\/company\/chu-poitiers?trk=company_logo","https:\/\/www.youtube.com\/channel\/UCPpTSqyLsR5a-hXJA7zZ6cA"]},{"@type":"Person","@id":"https:\/\/www.fonds-alienor.fr\/en\/#\/schema\/person\/dfcb6f976a0035c0d28ef0ec1162497d","name":"Communication CHU","image":{"@type":"ImageObject","inLanguage":"en-US","@id":"https:\/\/secure.gravatar.com\/avatar\/e8241b1c4008757b3d6534121ad6d468fe3328c0ca9477a2023015afad018635?s=96&d=mm&r=g","url":"https:\/\/secure.gravatar.com\/avatar\/e8241b1c4008757b3d6534121ad6d468fe3328c0ca9477a2023015afad018635?s=96&d=mm&r=g","contentUrl":"https:\/\/secure.gravatar.com\/avatar\/e8241b1c4008757b3d6534121ad6d468fe3328c0ca9477a2023015afad018635?s=96&d=mm&r=g","caption":"Communication CHU"},"url":"https:\/\/www.fonds-alienor.fr\/en\/"}]}},"_links":{"self":[{"href":"https:\/\/www.fonds-alienor.fr\/en\/wp-json\/wp\/v2\/posts\/1000","targetHints":{"allow":["GET"]}}],"collection":[{"href":"https:\/\/www.fonds-alienor.fr\/en\/wp-json\/wp\/v2\/posts"}],"about":[{"href":"https:\/\/www.fonds-alienor.fr\/en\/wp-json\/wp\/v2\/types\/post"}],"author":[{"embeddable":true,"href":"https:\/\/www.fonds-alienor.fr\/en\/wp-json\/wp\/v2\/users\/13"}],"replies":[{"embeddable":true,"href":"https:\/\/www.fonds-alienor.fr\/en\/wp-json\/wp\/v2\/comments?post=1000"}],"version-history":[{"count":4,"href":"https:\/\/www.fonds-alienor.fr\/en\/wp-json\/wp\/v2\/posts\/1000\/revisions"}],"predecessor-version":[{"id":2695,"href":"https:\/\/www.fonds-alienor.fr\/en\/wp-json\/wp\/v2\/posts\/1000\/revisions\/2695"}],"wp:featuredmedia":[{"embeddable":true,"href":"https:\/\/www.fonds-alienor.fr\/en\/wp-json\/wp\/v2\/media\/972"}],"wp:attachment":[{"href":"https:\/\/www.fonds-alienor.fr\/en\/wp-json\/wp\/v2\/media?parent=1000"}],"wp:term":[{"taxonomy":"category","embeddable":true,"href":"https:\/\/www.fonds-alienor.fr\/en\/wp-json\/wp\/v2\/categories?post=1000"},{"taxonomy":"post_tag","embeddable":true,"href":"https:\/\/www.fonds-alienor.fr\/en\/wp-json\/wp\/v2\/tags?post=1000"}],"curies":[{"name":"wp","href":"https:\/\/api.w.org\/{rel}","templated":true}]}}