{"id":1325,"date":"2018-05-03T16:14:40","date_gmt":"2018-05-03T14:14:40","guid":{"rendered":"http:\/\/www.fonds-alienor.fr\/?p=1325"},"modified":"2021-04-20T17:04:17","modified_gmt":"2021-04-20T15:04:17","slug":"le-billet-de-frederick-gersal-les-infirmieres-aux-petits-soins-pour-de-grands-soins","status":"publish","type":"post","link":"https:\/\/www.fonds-alienor.fr\/en\/le-billet-de-frederick-gersal-les-infirmieres-aux-petits-soins-pour-de-grands-soins\/","title":{"rendered":"Le micro-scope de Fr\u00e9d\u00e9rick Gersal : &#8220;Les infirmi\u00e8res aux petits soins pour de grands soins&#8221;"},"content":{"rendered":"<figure id=\"attachment_972\" aria-describedby=\"caption-attachment-972\" style=\"width: 500px\" class=\"wp-caption alignright\"><a href=\"https:\/\/www.fonds-alienor.fr\/wp-content\/uploads\/2017\/09\/Fr\u00e9d\u00e9rick-Gersal.jpg\" target=\"_blank\" rel=\"noopener\"><img decoding=\"async\" class=\"wp-image-972\" src=\"https:\/\/www.fonds-alienor.fr\/wp-content\/uploads\/2017\/09\/Fr\u00e9d\u00e9rick-Gersal.jpg\" alt=\"Fr\u00e9d\u00e9rick Gersal, journaliste et parrain du fonds Ali\u00e9nor. \u00a9 Jean-Michel Piqu\u00e9\" width=\"500\" height=\"321\" srcset=\"https:\/\/www.fonds-alienor.fr\/wp-content\/uploads\/2017\/09\/Fr\u00e9d\u00e9rick-Gersal.jpg 800w, https:\/\/www.fonds-alienor.fr\/wp-content\/uploads\/2017\/09\/Fr\u00e9d\u00e9rick-Gersal-300x192.jpg 300w, https:\/\/www.fonds-alienor.fr\/wp-content\/uploads\/2017\/09\/Fr\u00e9d\u00e9rick-Gersal-768x492.jpg 768w\" sizes=\"(max-width: 500px) 100vw, 500px\" \/><\/a><figcaption id=\"caption-attachment-972\" class=\"wp-caption-text\">Fr\u00e9d\u00e9rick Gersal, journaliste et parrain du fonds Ali\u00e9nor. \u00a9 Jean-Michel Piqu\u00e9<\/figcaption><\/figure>\n<p>Pour un premier rendez-vous par le Net, j\u2019ai choisi de rendre hommage aux infirmi\u00e8res et aux infirmiers du CHU de Poitiers et d\u2019ailleurs\u2026<\/p>\n<p>Voil\u00e0 d\u00e9j\u00e0 une belle curiosit\u00e9, ce m\u00e9tier magnifique est historiquement d\u2019abord un m\u00e9tier f\u00e9minin et c\u2019est au fil du temps que ce m\u00e9tier s\u2019est &#8220;masculinis\u00e9&#8221;. C\u2019est si rare qu\u2019il faut le signaler !<\/p>\n<p>D\u00e9j\u00e0 en son temps, au 5<sup>e<\/sup> si\u00e8cle avant notre \u00e8re, le c\u00e9l\u00e8bre m\u00e9decin grec Hippocrate, celui que l\u2019on surnomme respectueusement &#8220;le p\u00e8re de la m\u00e9decine&#8221;, affirme que les malades doivent se reposer et qu\u2019ils doivent \u00eatre soign\u00e9s par une personne &#8220;comp\u00e9tente&#8221;. Cette personne, c\u2019est l\u2019infirmi\u00e8re et elle va tr\u00e8s vite trouver sa place et s\u2019imposer.<\/p>\n<p>Dans l\u2019occident m\u00e9di\u00e9val, les religieuses et les femmes pieuses se consacrent aux malades. Pas \u00e9tonnant qu\u2019au 17<sup>e<\/sup> si\u00e8cle, Saint Vincent de Paul, aid\u00e9 par Louise de Marillac, fonde la &#8220;Compagnie des filles de la charit\u00e9&#8221;. D\u00e9j\u00e0, elles sont appel\u00e9es \u00e0 venir en aide aux enfants abandonn\u00e9s, aux victimes de guerre, aux malades \u00e0 domicile et, dans les h\u00f4pitaux, aux personnes handicap\u00e9es\u2026 les temps changent et rien ne change, les si\u00e8cles d\u00e9filent et les besoins restent les m\u00eames !<\/p>\n<p>Au 19<sup>e<\/sup> si\u00e8cle, Florence Nightingale fonde \u00e0 Londres (Royaume-Uni) une v\u00e9ritable \u00e9cole d\u2019infirmi\u00e8res. Quelques mois plus tard, en mars 1854, d\u00e9bute la guerre de Crim\u00e9e. Florence Nightingale veut aller au plus pr\u00e8s des champs de bataille pour aider les soldats. Elle installe un h\u00f4pital de campagne avec 38 de ses infirmi\u00e8res.<br \/>\nLa t\u00e2che est \u00e9norme avec les soins \u00e0 apporter aux bless\u00e9s et, comme si la guerre ne suffisait pas, il y a le typhus, le chol\u00e9ra et la dysenterie\u2026<\/p>\n<p>Malgr\u00e9 des journ\u00e9es bien remplies, Florence Nightingale trouve encore la force de passer chaque soir, apr\u00e8s 20h, aupr\u00e8s de chaque soldat pour s&#8217;assurer qu&#8217;il ne manque de rien. Cette tourn\u00e9e nocturne lui a donn\u00e9 son surnom de &#8220;femme \u00e0 la lampe&#8221;.<\/p>\n<p>En France, une autre jeune femme, L\u00e9onie Chaptal fonde \u00e0 son tour son \u00e9cole d\u2019infirmi\u00e8re en 1905. Elle pr\u00e9cise avec passion : &#8220;Chacun son m\u00e9tier, la maladie est la science du m\u00e9decin, la connaissance du malade rel\u00e8ve de la comp\u00e9tence de l\u2019infirmi\u00e8re.&#8221; Et j\u2019ajoute, de l\u2019infirmier !<\/p>\n<p>Merci \u00e0 vous Toutes\u2026 et \u00e0 vous Tous.<\/p>\n<p>Merci d\u2019\u00eatre aux petits soins, pour de grands soins !<\/p>\n<p style=\"text-align: right;\">Fr\u00e9d\u00e9rick Gersal<\/p>\n","protected":false},"excerpt":{"rendered":"<p>Pour un premier rendez-vous par le Net, j\u2019ai choisi de rendre hommage aux infirmi\u00e8res et aux infirmiers du CHU de Poitiers et d\u2019ailleurs\u2026 Voil\u00e0 d\u00e9j\u00e0 une belle curiosit\u00e9, ce m\u00e9tier magnifique est historiquement d\u2019abord un m\u00e9tier f\u00e9minin et c\u2019est au fil du temps que ce m\u00e9tier s\u2019est &#8220;masculinis\u00e9&#8221;. C\u2019est si rare qu\u2019il faut le signaler [&hellip;]<\/p>\n","protected":false},"author":13,"featured_media":972,"comment_status":"open","ping_status":"open","sticky":false,"template":"","format":"standard","meta":{"footnotes":""},"categories":[1],"tags":[],"class_list":["post-1325","post","type-post","status-publish","format-standard","has-post-thumbnail","hentry","category-non-classe"],"yoast_head":"<!-- This site is optimized with the Yoast SEO plugin v27.3 - https:\/\/yoast.com\/product\/yoast-seo-wordpress\/ -->\n<title>Le micro-scope de Fr\u00e9d\u00e9rick Gersal : &quot;Les infirmi\u00e8res aux petits soins pour de grands soins&quot; - Fonds Ali\u00e9nor<\/title>\n<meta name=\"robots\" content=\"index, follow, max-snippet:-1, max-image-preview:large, max-video-preview:-1\" \/>\n<link rel=\"canonical\" href=\"https:\/\/www.fonds-alienor.fr\/le-billet-de-frederick-gersal-les-infirmieres-aux-petits-soins-pour-de-grands-soins\/\" \/>\n<meta property=\"og:locale\" content=\"en_US\" \/>\n<meta property=\"og:type\" content=\"article\" \/>\n<meta property=\"og:title\" content=\"Le micro-scope de Fr\u00e9d\u00e9rick Gersal : &quot;Les infirmi\u00e8res aux petits soins pour de grands soins&quot; - Fonds Ali\u00e9nor\" \/>\n<meta property=\"og:description\" content=\"Pour un premier rendez-vous par le Net, j\u2019ai choisi de rendre hommage aux infirmi\u00e8res et aux infirmiers du CHU de Poitiers et d\u2019ailleurs\u2026 Voil\u00e0 d\u00e9j\u00e0 une belle curiosit\u00e9, ce m\u00e9tier magnifique est historiquement d\u2019abord un m\u00e9tier f\u00e9minin et c\u2019est au fil du temps que ce m\u00e9tier s\u2019est &#8220;masculinis\u00e9&#8221;. C\u2019est si rare qu\u2019il faut le signaler [&hellip;]\" \/>\n<meta property=\"og:url\" content=\"https:\/\/www.fonds-alienor.fr\/le-billet-de-frederick-gersal-les-infirmieres-aux-petits-soins-pour-de-grands-soins\/\" \/>\n<meta property=\"og:site_name\" content=\"Fonds Ali\u00e9nor\" \/>\n<meta property=\"article:publisher\" content=\"https:\/\/www.facebook.com\/chudepoitiers\" \/>\n<meta property=\"article:published_time\" content=\"2018-05-03T14:14:40+00:00\" \/>\n<meta property=\"article:modified_time\" content=\"2021-04-20T15:04:17+00:00\" \/>\n<meta property=\"og:image\" content=\"https:\/\/www.fonds-alienor.fr\/wp-content\/uploads\/2017\/09\/Fr\u00e9d\u00e9rick-Gersal.jpg\" \/>\n\t<meta property=\"og:image:width\" content=\"800\" \/>\n\t<meta property=\"og:image:height\" content=\"513\" \/>\n\t<meta property=\"og:image:type\" content=\"image\/jpeg\" \/>\n<meta name=\"author\" content=\"Communication CHU\" \/>\n<meta name=\"twitter:card\" content=\"summary_large_image\" \/>\n<meta name=\"twitter:creator\" content=\"@CHU_de_Poitiers\" \/>\n<meta name=\"twitter:site\" content=\"@CHU_de_Poitiers\" \/>\n<meta name=\"twitter:label1\" content=\"Written by\" \/>\n\t<meta name=\"twitter:data1\" content=\"Communication CHU\" \/>\n\t<meta name=\"twitter:label2\" content=\"Est. reading time\" \/>\n\t<meta name=\"twitter:data2\" content=\"2 minutes\" \/>\n<script type=\"application\/ld+json\" class=\"yoast-schema-graph\">{\"@context\":\"https:\\\/\\\/schema.org\",\"@graph\":[{\"@type\":\"Article\",\"@id\":\"https:\\\/\\\/www.fonds-alienor.fr\\\/le-billet-de-frederick-gersal-les-infirmieres-aux-petits-soins-pour-de-grands-soins\\\/#article\",\"isPartOf\":{\"@id\":\"https:\\\/\\\/www.fonds-alienor.fr\\\/le-billet-de-frederick-gersal-les-infirmieres-aux-petits-soins-pour-de-grands-soins\\\/\"},\"author\":{\"name\":\"Communication CHU\",\"@id\":\"https:\\\/\\\/www.fonds-alienor.fr\\\/en\\\/#\\\/schema\\\/person\\\/dfcb6f976a0035c0d28ef0ec1162497d\"},\"headline\":\"Le micro-scope de Fr\u00e9d\u00e9rick Gersal : &#8220;Les infirmi\u00e8res aux petits soins pour de grands soins&#8221;\",\"datePublished\":\"2018-05-03T14:14:40+00:00\",\"dateModified\":\"2021-04-20T15:04:17+00:00\",\"mainEntityOfPage\":{\"@id\":\"https:\\\/\\\/www.fonds-alienor.fr\\\/le-billet-de-frederick-gersal-les-infirmieres-aux-petits-soins-pour-de-grands-soins\\\/\"},\"wordCount\":473,\"commentCount\":0,\"publisher\":{\"@id\":\"https:\\\/\\\/www.fonds-alienor.fr\\\/en\\\/#organization\"},\"image\":{\"@id\":\"https:\\\/\\\/www.fonds-alienor.fr\\\/le-billet-de-frederick-gersal-les-infirmieres-aux-petits-soins-pour-de-grands-soins\\\/#primaryimage\"},\"thumbnailUrl\":\"https:\\\/\\\/www.fonds-alienor.fr\\\/wp-content\\\/uploads\\\/2017\\\/09\\\/Fr\u00e9d\u00e9rick-Gersal.jpg\",\"articleSection\":[\"Non class\u00e9\"],\"inLanguage\":\"en-US\"},{\"@type\":\"WebPage\",\"@id\":\"https:\\\/\\\/www.fonds-alienor.fr\\\/le-billet-de-frederick-gersal-les-infirmieres-aux-petits-soins-pour-de-grands-soins\\\/\",\"url\":\"https:\\\/\\\/www.fonds-alienor.fr\\\/le-billet-de-frederick-gersal-les-infirmieres-aux-petits-soins-pour-de-grands-soins\\\/\",\"name\":\"Le micro-scope de Fr\u00e9d\u00e9rick Gersal : \\\"Les infirmi\u00e8res aux petits soins pour de grands soins\\\" - Fonds Ali\u00e9nor\",\"isPartOf\":{\"@id\":\"https:\\\/\\\/www.fonds-alienor.fr\\\/en\\\/#website\"},\"primaryImageOfPage\":{\"@id\":\"https:\\\/\\\/www.fonds-alienor.fr\\\/le-billet-de-frederick-gersal-les-infirmieres-aux-petits-soins-pour-de-grands-soins\\\/#primaryimage\"},\"image\":{\"@id\":\"https:\\\/\\\/www.fonds-alienor.fr\\\/le-billet-de-frederick-gersal-les-infirmieres-aux-petits-soins-pour-de-grands-soins\\\/#primaryimage\"},\"thumbnailUrl\":\"https:\\\/\\\/www.fonds-alienor.fr\\\/wp-content\\\/uploads\\\/2017\\\/09\\\/Fr\u00e9d\u00e9rick-Gersal.jpg\",\"datePublished\":\"2018-05-03T14:14:40+00:00\",\"dateModified\":\"2021-04-20T15:04:17+00:00\",\"breadcrumb\":{\"@id\":\"https:\\\/\\\/www.fonds-alienor.fr\\\/le-billet-de-frederick-gersal-les-infirmieres-aux-petits-soins-pour-de-grands-soins\\\/#breadcrumb\"},\"inLanguage\":\"en-US\",\"potentialAction\":[{\"@type\":\"ReadAction\",\"target\":[\"https:\\\/\\\/www.fonds-alienor.fr\\\/le-billet-de-frederick-gersal-les-infirmieres-aux-petits-soins-pour-de-grands-soins\\\/\"]}]},{\"@type\":\"ImageObject\",\"inLanguage\":\"en-US\",\"@id\":\"https:\\\/\\\/www.fonds-alienor.fr\\\/le-billet-de-frederick-gersal-les-infirmieres-aux-petits-soins-pour-de-grands-soins\\\/#primaryimage\",\"url\":\"https:\\\/\\\/www.fonds-alienor.fr\\\/wp-content\\\/uploads\\\/2017\\\/09\\\/Fr\u00e9d\u00e9rick-Gersal.jpg\",\"contentUrl\":\"https:\\\/\\\/www.fonds-alienor.fr\\\/wp-content\\\/uploads\\\/2017\\\/09\\\/Fr\u00e9d\u00e9rick-Gersal.jpg\",\"width\":800,\"height\":513,\"caption\":\"Fr\u00e9d\u00e9rick Gersal, journaliste et parrain du fonds Ali\u00e9nor. \u00a9 Jean-Michel Piqu\u00e9\"},{\"@type\":\"BreadcrumbList\",\"@id\":\"https:\\\/\\\/www.fonds-alienor.fr\\\/le-billet-de-frederick-gersal-les-infirmieres-aux-petits-soins-pour-de-grands-soins\\\/#breadcrumb\",\"itemListElement\":[{\"@type\":\"ListItem\",\"position\":1,\"name\":\"Accueil\",\"item\":\"https:\\\/\\\/www.fonds-alienor.fr\\\/en\\\/\"},{\"@type\":\"ListItem\",\"position\":2,\"name\":\"Le micro-scope de Fr\u00e9d\u00e9rick Gersal : \u00ab\u00a0Les infirmi\u00e8res aux petits soins pour de grands soins\u00a0\u00bb\"}]},{\"@type\":\"WebSite\",\"@id\":\"https:\\\/\\\/www.fonds-alienor.fr\\\/en\\\/#website\",\"url\":\"https:\\\/\\\/www.fonds-alienor.fr\\\/en\\\/\",\"name\":\"Fonds Ali\u00e9nor\",\"description\":\"Emmenons la recherche m\u00e9dicale\",\"publisher\":{\"@id\":\"https:\\\/\\\/www.fonds-alienor.fr\\\/en\\\/#organization\"},\"potentialAction\":[{\"@type\":\"SearchAction\",\"target\":{\"@type\":\"EntryPoint\",\"urlTemplate\":\"https:\\\/\\\/www.fonds-alienor.fr\\\/en\\\/?s={search_term_string}\"},\"query-input\":{\"@type\":\"PropertyValueSpecification\",\"valueRequired\":true,\"valueName\":\"search_term_string\"}}],\"inLanguage\":\"en-US\"},{\"@type\":\"Organization\",\"@id\":\"https:\\\/\\\/www.fonds-alienor.fr\\\/en\\\/#organization\",\"name\":\"Fonds Ali\u00e9nor du CHU de Poitiers\",\"url\":\"https:\\\/\\\/www.fonds-alienor.fr\\\/en\\\/\",\"logo\":{\"@type\":\"ImageObject\",\"inLanguage\":\"en-US\",\"@id\":\"https:\\\/\\\/www.fonds-alienor.fr\\\/en\\\/#\\\/schema\\\/logo\\\/image\\\/\",\"url\":\"https:\\\/\\\/www.fonds-alienor.fr\\\/wp-content\\\/uploads\\\/2025\\\/10\\\/logo_114px.png\",\"contentUrl\":\"https:\\\/\\\/www.fonds-alienor.fr\\\/wp-content\\\/uploads\\\/2025\\\/10\\\/logo_114px.png\",\"width\":114,\"height\":114,\"caption\":\"Fonds Ali\u00e9nor du CHU de Poitiers\"},\"image\":{\"@id\":\"https:\\\/\\\/www.fonds-alienor.fr\\\/en\\\/#\\\/schema\\\/logo\\\/image\\\/\"},\"sameAs\":[\"https:\\\/\\\/www.facebook.com\\\/chudepoitiers\",\"https:\\\/\\\/x.com\\\/CHU_de_Poitiers\",\"https:\\\/\\\/www.linkedin.com\\\/company\\\/chu-poitiers?trk=company_logo\",\"https:\\\/\\\/www.youtube.com\\\/channel\\\/UCPpTSqyLsR5a-hXJA7zZ6cA\"]},{\"@type\":\"Person\",\"@id\":\"https:\\\/\\\/www.fonds-alienor.fr\\\/en\\\/#\\\/schema\\\/person\\\/dfcb6f976a0035c0d28ef0ec1162497d\",\"name\":\"Communication CHU\",\"image\":{\"@type\":\"ImageObject\",\"inLanguage\":\"en-US\",\"@id\":\"https:\\\/\\\/secure.gravatar.com\\\/avatar\\\/e8241b1c4008757b3d6534121ad6d468fe3328c0ca9477a2023015afad018635?s=96&d=mm&r=g\",\"url\":\"https:\\\/\\\/secure.gravatar.com\\\/avatar\\\/e8241b1c4008757b3d6534121ad6d468fe3328c0ca9477a2023015afad018635?s=96&d=mm&r=g\",\"contentUrl\":\"https:\\\/\\\/secure.gravatar.com\\\/avatar\\\/e8241b1c4008757b3d6534121ad6d468fe3328c0ca9477a2023015afad018635?s=96&d=mm&r=g\",\"caption\":\"Communication CHU\"},\"url\":\"https:\\\/\\\/www.fonds-alienor.fr\\\/en\\\/\"}]}<\/script>\n<!-- \/ Yoast SEO plugin. -->","yoast_head_json":{"title":"Le micro-scope de Fr\u00e9d\u00e9rick Gersal : \"Les infirmi\u00e8res aux petits soins pour de grands soins\" - Fonds Ali\u00e9nor","robots":{"index":"index","follow":"follow","max-snippet":"max-snippet:-1","max-image-preview":"max-image-preview:large","max-video-preview":"max-video-preview:-1"},"canonical":"https:\/\/www.fonds-alienor.fr\/le-billet-de-frederick-gersal-les-infirmieres-aux-petits-soins-pour-de-grands-soins\/","og_locale":"en_US","og_type":"article","og_title":"Le micro-scope de Fr\u00e9d\u00e9rick Gersal : \"Les infirmi\u00e8res aux petits soins pour de grands soins\" - Fonds Ali\u00e9nor","og_description":"Pour un premier rendez-vous par le Net, j\u2019ai choisi de rendre hommage aux infirmi\u00e8res et aux infirmiers du CHU de Poitiers et d\u2019ailleurs\u2026 Voil\u00e0 d\u00e9j\u00e0 une belle curiosit\u00e9, ce m\u00e9tier magnifique est historiquement d\u2019abord un m\u00e9tier f\u00e9minin et c\u2019est au fil du temps que ce m\u00e9tier s\u2019est &#8220;masculinis\u00e9&#8221;. C\u2019est si rare qu\u2019il faut le signaler [&hellip;]","og_url":"https:\/\/www.fonds-alienor.fr\/le-billet-de-frederick-gersal-les-infirmieres-aux-petits-soins-pour-de-grands-soins\/","og_site_name":"Fonds Ali\u00e9nor","article_publisher":"https:\/\/www.facebook.com\/chudepoitiers","article_published_time":"2018-05-03T14:14:40+00:00","article_modified_time":"2021-04-20T15:04:17+00:00","og_image":[{"width":800,"height":513,"url":"https:\/\/www.fonds-alienor.fr\/wp-content\/uploads\/2017\/09\/Fr\u00e9d\u00e9rick-Gersal.jpg","type":"image\/jpeg"}],"author":"Communication CHU","twitter_card":"summary_large_image","twitter_creator":"@CHU_de_Poitiers","twitter_site":"@CHU_de_Poitiers","twitter_misc":{"Written by":"Communication CHU","Est. reading time":"2 minutes"},"schema":{"@context":"https:\/\/schema.org","@graph":[{"@type":"Article","@id":"https:\/\/www.fonds-alienor.fr\/le-billet-de-frederick-gersal-les-infirmieres-aux-petits-soins-pour-de-grands-soins\/#article","isPartOf":{"@id":"https:\/\/www.fonds-alienor.fr\/le-billet-de-frederick-gersal-les-infirmieres-aux-petits-soins-pour-de-grands-soins\/"},"author":{"name":"Communication CHU","@id":"https:\/\/www.fonds-alienor.fr\/en\/#\/schema\/person\/dfcb6f976a0035c0d28ef0ec1162497d"},"headline":"Le micro-scope de Fr\u00e9d\u00e9rick Gersal : &#8220;Les infirmi\u00e8res aux petits soins pour de grands soins&#8221;","datePublished":"2018-05-03T14:14:40+00:00","dateModified":"2021-04-20T15:04:17+00:00","mainEntityOfPage":{"@id":"https:\/\/www.fonds-alienor.fr\/le-billet-de-frederick-gersal-les-infirmieres-aux-petits-soins-pour-de-grands-soins\/"},"wordCount":473,"commentCount":0,"publisher":{"@id":"https:\/\/www.fonds-alienor.fr\/en\/#organization"},"image":{"@id":"https:\/\/www.fonds-alienor.fr\/le-billet-de-frederick-gersal-les-infirmieres-aux-petits-soins-pour-de-grands-soins\/#primaryimage"},"thumbnailUrl":"https:\/\/www.fonds-alienor.fr\/wp-content\/uploads\/2017\/09\/Fr\u00e9d\u00e9rick-Gersal.jpg","articleSection":["Non class\u00e9"],"inLanguage":"en-US"},{"@type":"WebPage","@id":"https:\/\/www.fonds-alienor.fr\/le-billet-de-frederick-gersal-les-infirmieres-aux-petits-soins-pour-de-grands-soins\/","url":"https:\/\/www.fonds-alienor.fr\/le-billet-de-frederick-gersal-les-infirmieres-aux-petits-soins-pour-de-grands-soins\/","name":"Le micro-scope de Fr\u00e9d\u00e9rick Gersal : \"Les infirmi\u00e8res aux petits soins pour de grands soins\" - Fonds Ali\u00e9nor","isPartOf":{"@id":"https:\/\/www.fonds-alienor.fr\/en\/#website"},"primaryImageOfPage":{"@id":"https:\/\/www.fonds-alienor.fr\/le-billet-de-frederick-gersal-les-infirmieres-aux-petits-soins-pour-de-grands-soins\/#primaryimage"},"image":{"@id":"https:\/\/www.fonds-alienor.fr\/le-billet-de-frederick-gersal-les-infirmieres-aux-petits-soins-pour-de-grands-soins\/#primaryimage"},"thumbnailUrl":"https:\/\/www.fonds-alienor.fr\/wp-content\/uploads\/2017\/09\/Fr\u00e9d\u00e9rick-Gersal.jpg","datePublished":"2018-05-03T14:14:40+00:00","dateModified":"2021-04-20T15:04:17+00:00","breadcrumb":{"@id":"https:\/\/www.fonds-alienor.fr\/le-billet-de-frederick-gersal-les-infirmieres-aux-petits-soins-pour-de-grands-soins\/#breadcrumb"},"inLanguage":"en-US","potentialAction":[{"@type":"ReadAction","target":["https:\/\/www.fonds-alienor.fr\/le-billet-de-frederick-gersal-les-infirmieres-aux-petits-soins-pour-de-grands-soins\/"]}]},{"@type":"ImageObject","inLanguage":"en-US","@id":"https:\/\/www.fonds-alienor.fr\/le-billet-de-frederick-gersal-les-infirmieres-aux-petits-soins-pour-de-grands-soins\/#primaryimage","url":"https:\/\/www.fonds-alienor.fr\/wp-content\/uploads\/2017\/09\/Fr\u00e9d\u00e9rick-Gersal.jpg","contentUrl":"https:\/\/www.fonds-alienor.fr\/wp-content\/uploads\/2017\/09\/Fr\u00e9d\u00e9rick-Gersal.jpg","width":800,"height":513,"caption":"Fr\u00e9d\u00e9rick Gersal, journaliste et parrain du fonds Ali\u00e9nor. \u00a9 Jean-Michel Piqu\u00e9"},{"@type":"BreadcrumbList","@id":"https:\/\/www.fonds-alienor.fr\/le-billet-de-frederick-gersal-les-infirmieres-aux-petits-soins-pour-de-grands-soins\/#breadcrumb","itemListElement":[{"@type":"ListItem","position":1,"name":"Accueil","item":"https:\/\/www.fonds-alienor.fr\/en\/"},{"@type":"ListItem","position":2,"name":"Le micro-scope de Fr\u00e9d\u00e9rick Gersal : \u00ab\u00a0Les infirmi\u00e8res aux petits soins pour de grands soins\u00a0\u00bb"}]},{"@type":"WebSite","@id":"https:\/\/www.fonds-alienor.fr\/en\/#website","url":"https:\/\/www.fonds-alienor.fr\/en\/","name":"Fonds Ali\u00e9nor","description":"Emmenons la recherche m\u00e9dicale","publisher":{"@id":"https:\/\/www.fonds-alienor.fr\/en\/#organization"},"potentialAction":[{"@type":"SearchAction","target":{"@type":"EntryPoint","urlTemplate":"https:\/\/www.fonds-alienor.fr\/en\/?s={search_term_string}"},"query-input":{"@type":"PropertyValueSpecification","valueRequired":true,"valueName":"search_term_string"}}],"inLanguage":"en-US"},{"@type":"Organization","@id":"https:\/\/www.fonds-alienor.fr\/en\/#organization","name":"Fonds Ali\u00e9nor du CHU de Poitiers","url":"https:\/\/www.fonds-alienor.fr\/en\/","logo":{"@type":"ImageObject","inLanguage":"en-US","@id":"https:\/\/www.fonds-alienor.fr\/en\/#\/schema\/logo\/image\/","url":"https:\/\/www.fonds-alienor.fr\/wp-content\/uploads\/2025\/10\/logo_114px.png","contentUrl":"https:\/\/www.fonds-alienor.fr\/wp-content\/uploads\/2025\/10\/logo_114px.png","width":114,"height":114,"caption":"Fonds Ali\u00e9nor du CHU de Poitiers"},"image":{"@id":"https:\/\/www.fonds-alienor.fr\/en\/#\/schema\/logo\/image\/"},"sameAs":["https:\/\/www.facebook.com\/chudepoitiers","https:\/\/x.com\/CHU_de_Poitiers","https:\/\/www.linkedin.com\/company\/chu-poitiers?trk=company_logo","https:\/\/www.youtube.com\/channel\/UCPpTSqyLsR5a-hXJA7zZ6cA"]},{"@type":"Person","@id":"https:\/\/www.fonds-alienor.fr\/en\/#\/schema\/person\/dfcb6f976a0035c0d28ef0ec1162497d","name":"Communication CHU","image":{"@type":"ImageObject","inLanguage":"en-US","@id":"https:\/\/secure.gravatar.com\/avatar\/e8241b1c4008757b3d6534121ad6d468fe3328c0ca9477a2023015afad018635?s=96&d=mm&r=g","url":"https:\/\/secure.gravatar.com\/avatar\/e8241b1c4008757b3d6534121ad6d468fe3328c0ca9477a2023015afad018635?s=96&d=mm&r=g","contentUrl":"https:\/\/secure.gravatar.com\/avatar\/e8241b1c4008757b3d6534121ad6d468fe3328c0ca9477a2023015afad018635?s=96&d=mm&r=g","caption":"Communication CHU"},"url":"https:\/\/www.fonds-alienor.fr\/en\/"}]}},"_links":{"self":[{"href":"https:\/\/www.fonds-alienor.fr\/en\/wp-json\/wp\/v2\/posts\/1325","targetHints":{"allow":["GET"]}}],"collection":[{"href":"https:\/\/www.fonds-alienor.fr\/en\/wp-json\/wp\/v2\/posts"}],"about":[{"href":"https:\/\/www.fonds-alienor.fr\/en\/wp-json\/wp\/v2\/types\/post"}],"author":[{"embeddable":true,"href":"https:\/\/www.fonds-alienor.fr\/en\/wp-json\/wp\/v2\/users\/13"}],"replies":[{"embeddable":true,"href":"https:\/\/www.fonds-alienor.fr\/en\/wp-json\/wp\/v2\/comments?post=1325"}],"version-history":[{"count":4,"href":"https:\/\/www.fonds-alienor.fr\/en\/wp-json\/wp\/v2\/posts\/1325\/revisions"}],"predecessor-version":[{"id":2713,"href":"https:\/\/www.fonds-alienor.fr\/en\/wp-json\/wp\/v2\/posts\/1325\/revisions\/2713"}],"wp:featuredmedia":[{"embeddable":true,"href":"https:\/\/www.fonds-alienor.fr\/en\/wp-json\/wp\/v2\/media\/972"}],"wp:attachment":[{"href":"https:\/\/www.fonds-alienor.fr\/en\/wp-json\/wp\/v2\/media?parent=1325"}],"wp:term":[{"taxonomy":"category","embeddable":true,"href":"https:\/\/www.fonds-alienor.fr\/en\/wp-json\/wp\/v2\/categories?post=1325"},{"taxonomy":"post_tag","embeddable":true,"href":"https:\/\/www.fonds-alienor.fr\/en\/wp-json\/wp\/v2\/tags?post=1325"}],"curies":[{"name":"wp","href":"https:\/\/api.w.org\/{rel}","templated":true}]}}