{"id":1363,"date":"2018-06-06T16:00:37","date_gmt":"2018-06-06T14:00:37","guid":{"rendered":"http:\/\/www.fonds-alienor.fr\/?p=1363"},"modified":"2021-04-20T17:04:19","modified_gmt":"2021-04-20T15:04:19","slug":"le-credit-social-des-fonctionnaires-poursuit-son-soutien-au-projet-sur-tumeurs-cerebrales","status":"publish","type":"post","link":"https:\/\/www.fonds-alienor.fr\/en\/le-credit-social-des-fonctionnaires-poursuit-son-soutien-au-projet-sur-tumeurs-cerebrales\/","title":{"rendered":"Le Cr\u00e9dit social des fonctionnaires poursuit son soutien au projet sur les tumeurs c\u00e9r\u00e9brales"},"content":{"rendered":"<figure id=\"attachment_1365\" aria-describedby=\"caption-attachment-1365\" style=\"width: 500px\" class=\"wp-caption alignright\"><a href=\"https:\/\/www.fonds-alienor.fr\/wp-content\/uploads\/2018\/06\/remise-cheque-CSF.jpg\" target=\"_blank\" rel=\"noopener\"><img decoding=\"async\" class=\"wp-image-1365\" src=\"https:\/\/www.fonds-alienor.fr\/wp-content\/uploads\/2018\/06\/remise-cheque-CSF.jpg\" alt=\"G\u00e9rard Mauco, administrateur du fonds Ali\u00e9nor, Ang\u00e9lique Mar\u00e9chal-Planchon, conseill\u00e8re au Cr\u00e9dit social des fonctionnaires (CSF), Christelle Fouin, responsable territoriale au CSF, le Dr Syvain Portet et le Pr Benoit Bataille, neurochirurgiens et porteurs du projet, Pierre-Jean Becking, directeur d'agence du CSF, et S\u00e9verine Masson, directrice g\u00e9n\u00e9rale adjointe du CHU de Poitiers.\" width=\"500\" height=\"307\" srcset=\"https:\/\/www.fonds-alienor.fr\/wp-content\/uploads\/2018\/06\/remise-cheque-CSF.jpg 872w, https:\/\/www.fonds-alienor.fr\/wp-content\/uploads\/2018\/06\/remise-cheque-CSF-300x184.jpg 300w, https:\/\/www.fonds-alienor.fr\/wp-content\/uploads\/2018\/06\/remise-cheque-CSF-768x472.jpg 768w\" sizes=\"(max-width: 500px) 100vw, 500px\" \/><\/a><figcaption id=\"caption-attachment-1365\" class=\"wp-caption-text\">G\u00e9rard Mauco, administrateur du fonds Ali\u00e9nor, Ang\u00e9lique Mar\u00e9chal-Planchon, conseill\u00e8re au Cr\u00e9dit social des fonctionnaires (CSF), Christelle Fouin, responsable territoriale au CSF, le Dr Syvain Portet et le Pr Benoit Bataille, neurochirurgiens et porteurs du projet, Pierre-Jean Becking, directeur d&#8217;agence du CSF, et S\u00e9verine Masson, directrice g\u00e9n\u00e9rale adjointe du CHU de Poitiers.<\/figcaption><\/figure>\n<p>Jeudi 31 mai, Pierre-Jean Becking, directeur de l\u2019agence du Cr\u00e9dit social des fonctionnaires (CSF), Christelle Foin, responsable territoriale au CSF, et Ang\u00e9lique Mar\u00e9chal-Planchon, conseill\u00e8re au CSF, ont remis un don de 5 000 euros au fonds Ali\u00e9nor.<\/p>\n<p>Cette somme, vers\u00e9e au fonds Ali\u00e9nor pour la deuxi\u00e8me ann\u00e9e cons\u00e9cutive (la fondation CSF avait d\u00e9j\u00e0 remis un don de 5\u00a0000 euros en 2017), permet de soutenir le projet de recherche port\u00e9 par le professeur Benoit Bataille, neurochirurgien au CHU de Poitiers, sur les tumeurs c\u00e9r\u00e9brales. Ce dernier, pr\u00e9sent lors de cette c\u00e9r\u00e9monie, a remerci\u00e9 la fondation CSF pour sa g\u00e9n\u00e9reuse contribution qui favorise le financement de son projet sur l\u2019\u00e9tude des m\u00e9ningiomes. Le professeur Bataille et le docteur Sylvain Portet, interne de neurochirurgie au CHU de Poitiers, ont fait part de l\u2019avanc\u00e9e de leurs recherches aux membres du CSF, les informant de<span style=\"text-decoration: line-through;\">s<\/span> r\u00e9sultats tr\u00e8s positifs sur cette \u00e9tude. Ils ont en effet d\u00e9couvert des mutations g\u00e9n\u00e9tiques qui peuvent \u00eatre la cible de traitements chez les patientes expos\u00e9es \u00e0 l\u2019ac\u00e9tate de cyprot\u00e9rone.<\/p>\n<p>Cette remise de ch\u00e8que officielle, en pr\u00e9sence de S\u00e9verine Masson, directrice g\u00e9n\u00e9rale adjointe du CHU de Poitiers, a \u00e9t\u00e9 suivie par un moment de convivialit\u00e9.<\/p>\n<p>&nbsp;<\/p>\n","protected":false},"excerpt":{"rendered":"<p>Jeudi 31 mai, Pierre-Jean Becking, directeur de l\u2019agence du Cr\u00e9dit social des fonctionnaires (CSF), Christelle Foin, responsable territoriale au CSF, et Ang\u00e9lique Mar\u00e9chal-Planchon, conseill\u00e8re au CSF, ont remis un don de 5 000 euros au fonds Ali\u00e9nor. Cette somme, vers\u00e9e au fonds Ali\u00e9nor pour la deuxi\u00e8me ann\u00e9e cons\u00e9cutive (la fondation CSF avait d\u00e9j\u00e0 remis un [&hellip;]<\/p>\n","protected":false},"author":13,"featured_media":1365,"comment_status":"open","ping_status":"open","sticky":false,"template":"","format":"standard","meta":{"footnotes":""},"categories":[1],"tags":[],"class_list":["post-1363","post","type-post","status-publish","format-standard","has-post-thumbnail","hentry","category-non-classe"],"yoast_head":"<!-- This site is optimized with the Yoast SEO plugin v27.3 - https:\/\/yoast.com\/product\/yoast-seo-wordpress\/ -->\n<title>Le Cr\u00e9dit social des fonctionnaires poursuit son soutien au projet sur les tumeurs c\u00e9r\u00e9brales - Fonds Ali\u00e9nor<\/title>\n<meta name=\"robots\" content=\"index, follow, max-snippet:-1, max-image-preview:large, max-video-preview:-1\" \/>\n<link rel=\"canonical\" href=\"https:\/\/www.fonds-alienor.fr\/le-credit-social-des-fonctionnaires-poursuit-son-soutien-au-projet-sur-tumeurs-cerebrales\/\" \/>\n<meta property=\"og:locale\" content=\"en_US\" \/>\n<meta property=\"og:type\" content=\"article\" \/>\n<meta property=\"og:title\" content=\"Le Cr\u00e9dit social des fonctionnaires poursuit son soutien au projet sur les tumeurs c\u00e9r\u00e9brales - Fonds Ali\u00e9nor\" \/>\n<meta property=\"og:description\" content=\"Jeudi 31 mai, Pierre-Jean Becking, directeur de l\u2019agence du Cr\u00e9dit social des fonctionnaires (CSF), Christelle Foin, responsable territoriale au CSF, et Ang\u00e9lique Mar\u00e9chal-Planchon, conseill\u00e8re au CSF, ont remis un don de 5 000 euros au fonds Ali\u00e9nor. Cette somme, vers\u00e9e au fonds Ali\u00e9nor pour la deuxi\u00e8me ann\u00e9e cons\u00e9cutive (la fondation CSF avait d\u00e9j\u00e0 remis un [&hellip;]\" \/>\n<meta property=\"og:url\" content=\"https:\/\/www.fonds-alienor.fr\/le-credit-social-des-fonctionnaires-poursuit-son-soutien-au-projet-sur-tumeurs-cerebrales\/\" \/>\n<meta property=\"og:site_name\" content=\"Fonds Ali\u00e9nor\" \/>\n<meta property=\"article:publisher\" content=\"https:\/\/www.facebook.com\/chudepoitiers\" \/>\n<meta property=\"article:published_time\" content=\"2018-06-06T14:00:37+00:00\" \/>\n<meta property=\"article:modified_time\" content=\"2021-04-20T15:04:19+00:00\" \/>\n<meta property=\"og:image\" content=\"https:\/\/www.fonds-alienor.fr\/wp-content\/uploads\/2018\/06\/remise-cheque-CSF.jpg\" \/>\n\t<meta property=\"og:image:width\" content=\"872\" \/>\n\t<meta property=\"og:image:height\" content=\"536\" \/>\n\t<meta property=\"og:image:type\" content=\"image\/jpeg\" \/>\n<meta name=\"author\" content=\"Communication CHU\" \/>\n<meta name=\"twitter:card\" content=\"summary_large_image\" \/>\n<meta name=\"twitter:creator\" content=\"@CHU_de_Poitiers\" \/>\n<meta name=\"twitter:site\" content=\"@CHU_de_Poitiers\" \/>\n<meta name=\"twitter:label1\" content=\"Written by\" \/>\n\t<meta name=\"twitter:data1\" content=\"Communication CHU\" \/>\n\t<meta name=\"twitter:label2\" content=\"Est. reading time\" \/>\n\t<meta name=\"twitter:data2\" content=\"1 minute\" \/>\n<script type=\"application\/ld+json\" class=\"yoast-schema-graph\">{\"@context\":\"https:\\\/\\\/schema.org\",\"@graph\":[{\"@type\":\"Article\",\"@id\":\"https:\\\/\\\/www.fonds-alienor.fr\\\/le-credit-social-des-fonctionnaires-poursuit-son-soutien-au-projet-sur-tumeurs-cerebrales\\\/#article\",\"isPartOf\":{\"@id\":\"https:\\\/\\\/www.fonds-alienor.fr\\\/le-credit-social-des-fonctionnaires-poursuit-son-soutien-au-projet-sur-tumeurs-cerebrales\\\/\"},\"author\":{\"name\":\"Communication CHU\",\"@id\":\"https:\\\/\\\/www.fonds-alienor.fr\\\/en\\\/#\\\/schema\\\/person\\\/dfcb6f976a0035c0d28ef0ec1162497d\"},\"headline\":\"Le Cr\u00e9dit social des fonctionnaires poursuit son soutien au projet sur les tumeurs c\u00e9r\u00e9brales\",\"datePublished\":\"2018-06-06T14:00:37+00:00\",\"dateModified\":\"2021-04-20T15:04:19+00:00\",\"mainEntityOfPage\":{\"@id\":\"https:\\\/\\\/www.fonds-alienor.fr\\\/le-credit-social-des-fonctionnaires-poursuit-son-soutien-au-projet-sur-tumeurs-cerebrales\\\/\"},\"wordCount\":311,\"commentCount\":0,\"publisher\":{\"@id\":\"https:\\\/\\\/www.fonds-alienor.fr\\\/en\\\/#organization\"},\"image\":{\"@id\":\"https:\\\/\\\/www.fonds-alienor.fr\\\/le-credit-social-des-fonctionnaires-poursuit-son-soutien-au-projet-sur-tumeurs-cerebrales\\\/#primaryimage\"},\"thumbnailUrl\":\"https:\\\/\\\/www.fonds-alienor.fr\\\/wp-content\\\/uploads\\\/2018\\\/06\\\/remise-cheque-CSF.jpg\",\"articleSection\":[\"Non class\u00e9\"],\"inLanguage\":\"en-US\"},{\"@type\":\"WebPage\",\"@id\":\"https:\\\/\\\/www.fonds-alienor.fr\\\/le-credit-social-des-fonctionnaires-poursuit-son-soutien-au-projet-sur-tumeurs-cerebrales\\\/\",\"url\":\"https:\\\/\\\/www.fonds-alienor.fr\\\/le-credit-social-des-fonctionnaires-poursuit-son-soutien-au-projet-sur-tumeurs-cerebrales\\\/\",\"name\":\"Le Cr\u00e9dit social des fonctionnaires poursuit son soutien au projet sur les tumeurs c\u00e9r\u00e9brales - Fonds Ali\u00e9nor\",\"isPartOf\":{\"@id\":\"https:\\\/\\\/www.fonds-alienor.fr\\\/en\\\/#website\"},\"primaryImageOfPage\":{\"@id\":\"https:\\\/\\\/www.fonds-alienor.fr\\\/le-credit-social-des-fonctionnaires-poursuit-son-soutien-au-projet-sur-tumeurs-cerebrales\\\/#primaryimage\"},\"image\":{\"@id\":\"https:\\\/\\\/www.fonds-alienor.fr\\\/le-credit-social-des-fonctionnaires-poursuit-son-soutien-au-projet-sur-tumeurs-cerebrales\\\/#primaryimage\"},\"thumbnailUrl\":\"https:\\\/\\\/www.fonds-alienor.fr\\\/wp-content\\\/uploads\\\/2018\\\/06\\\/remise-cheque-CSF.jpg\",\"datePublished\":\"2018-06-06T14:00:37+00:00\",\"dateModified\":\"2021-04-20T15:04:19+00:00\",\"breadcrumb\":{\"@id\":\"https:\\\/\\\/www.fonds-alienor.fr\\\/le-credit-social-des-fonctionnaires-poursuit-son-soutien-au-projet-sur-tumeurs-cerebrales\\\/#breadcrumb\"},\"inLanguage\":\"en-US\",\"potentialAction\":[{\"@type\":\"ReadAction\",\"target\":[\"https:\\\/\\\/www.fonds-alienor.fr\\\/le-credit-social-des-fonctionnaires-poursuit-son-soutien-au-projet-sur-tumeurs-cerebrales\\\/\"]}]},{\"@type\":\"ImageObject\",\"inLanguage\":\"en-US\",\"@id\":\"https:\\\/\\\/www.fonds-alienor.fr\\\/le-credit-social-des-fonctionnaires-poursuit-son-soutien-au-projet-sur-tumeurs-cerebrales\\\/#primaryimage\",\"url\":\"https:\\\/\\\/www.fonds-alienor.fr\\\/wp-content\\\/uploads\\\/2018\\\/06\\\/remise-cheque-CSF.jpg\",\"contentUrl\":\"https:\\\/\\\/www.fonds-alienor.fr\\\/wp-content\\\/uploads\\\/2018\\\/06\\\/remise-cheque-CSF.jpg\",\"width\":872,\"height\":536,\"caption\":\"G\u00e9rard Mauco, administrateur du fonds Ali\u00e9nor, Ang\u00e9lique Mar\u00e9chal-Planchon, conseill\u00e8re au Cr\u00e9dit social des fonctionnaires (CSF), Christelle Fouin, responsable territoriale au CSF, le Dr Syvain Portet et le Pr Benoit Bataille, neurochirurgiens et porteurs du projet, Pierre-Jean Becking, directeur d'agence du CSF, et S\u00e9verine Masson, directrice g\u00e9n\u00e9rale adjointe du CHU de Poitiers.\"},{\"@type\":\"BreadcrumbList\",\"@id\":\"https:\\\/\\\/www.fonds-alienor.fr\\\/le-credit-social-des-fonctionnaires-poursuit-son-soutien-au-projet-sur-tumeurs-cerebrales\\\/#breadcrumb\",\"itemListElement\":[{\"@type\":\"ListItem\",\"position\":1,\"name\":\"Accueil\",\"item\":\"https:\\\/\\\/www.fonds-alienor.fr\\\/en\\\/\"},{\"@type\":\"ListItem\",\"position\":2,\"name\":\"Le Cr\u00e9dit social des fonctionnaires poursuit son soutien au projet sur les tumeurs c\u00e9r\u00e9brales\"}]},{\"@type\":\"WebSite\",\"@id\":\"https:\\\/\\\/www.fonds-alienor.fr\\\/en\\\/#website\",\"url\":\"https:\\\/\\\/www.fonds-alienor.fr\\\/en\\\/\",\"name\":\"Fonds Ali\u00e9nor\",\"description\":\"Emmenons la recherche m\u00e9dicale\",\"publisher\":{\"@id\":\"https:\\\/\\\/www.fonds-alienor.fr\\\/en\\\/#organization\"},\"potentialAction\":[{\"@type\":\"SearchAction\",\"target\":{\"@type\":\"EntryPoint\",\"urlTemplate\":\"https:\\\/\\\/www.fonds-alienor.fr\\\/en\\\/?s={search_term_string}\"},\"query-input\":{\"@type\":\"PropertyValueSpecification\",\"valueRequired\":true,\"valueName\":\"search_term_string\"}}],\"inLanguage\":\"en-US\"},{\"@type\":\"Organization\",\"@id\":\"https:\\\/\\\/www.fonds-alienor.fr\\\/en\\\/#organization\",\"name\":\"Fonds Ali\u00e9nor du CHU de Poitiers\",\"url\":\"https:\\\/\\\/www.fonds-alienor.fr\\\/en\\\/\",\"logo\":{\"@type\":\"ImageObject\",\"inLanguage\":\"en-US\",\"@id\":\"https:\\\/\\\/www.fonds-alienor.fr\\\/en\\\/#\\\/schema\\\/logo\\\/image\\\/\",\"url\":\"https:\\\/\\\/www.fonds-alienor.fr\\\/wp-content\\\/uploads\\\/2025\\\/10\\\/logo_114px.png\",\"contentUrl\":\"https:\\\/\\\/www.fonds-alienor.fr\\\/wp-content\\\/uploads\\\/2025\\\/10\\\/logo_114px.png\",\"width\":114,\"height\":114,\"caption\":\"Fonds Ali\u00e9nor du CHU de Poitiers\"},\"image\":{\"@id\":\"https:\\\/\\\/www.fonds-alienor.fr\\\/en\\\/#\\\/schema\\\/logo\\\/image\\\/\"},\"sameAs\":[\"https:\\\/\\\/www.facebook.com\\\/chudepoitiers\",\"https:\\\/\\\/x.com\\\/CHU_de_Poitiers\",\"https:\\\/\\\/www.linkedin.com\\\/company\\\/chu-poitiers?trk=company_logo\",\"https:\\\/\\\/www.youtube.com\\\/channel\\\/UCPpTSqyLsR5a-hXJA7zZ6cA\"]},{\"@type\":\"Person\",\"@id\":\"https:\\\/\\\/www.fonds-alienor.fr\\\/en\\\/#\\\/schema\\\/person\\\/dfcb6f976a0035c0d28ef0ec1162497d\",\"name\":\"Communication CHU\",\"image\":{\"@type\":\"ImageObject\",\"inLanguage\":\"en-US\",\"@id\":\"https:\\\/\\\/secure.gravatar.com\\\/avatar\\\/e8241b1c4008757b3d6534121ad6d468fe3328c0ca9477a2023015afad018635?s=96&d=mm&r=g\",\"url\":\"https:\\\/\\\/secure.gravatar.com\\\/avatar\\\/e8241b1c4008757b3d6534121ad6d468fe3328c0ca9477a2023015afad018635?s=96&d=mm&r=g\",\"contentUrl\":\"https:\\\/\\\/secure.gravatar.com\\\/avatar\\\/e8241b1c4008757b3d6534121ad6d468fe3328c0ca9477a2023015afad018635?s=96&d=mm&r=g\",\"caption\":\"Communication CHU\"},\"url\":\"https:\\\/\\\/www.fonds-alienor.fr\\\/en\\\/\"}]}<\/script>\n<!-- \/ Yoast SEO plugin. -->","yoast_head_json":{"title":"Le Cr\u00e9dit social des fonctionnaires poursuit son soutien au projet sur les tumeurs c\u00e9r\u00e9brales - Fonds Ali\u00e9nor","robots":{"index":"index","follow":"follow","max-snippet":"max-snippet:-1","max-image-preview":"max-image-preview:large","max-video-preview":"max-video-preview:-1"},"canonical":"https:\/\/www.fonds-alienor.fr\/le-credit-social-des-fonctionnaires-poursuit-son-soutien-au-projet-sur-tumeurs-cerebrales\/","og_locale":"en_US","og_type":"article","og_title":"Le Cr\u00e9dit social des fonctionnaires poursuit son soutien au projet sur les tumeurs c\u00e9r\u00e9brales - Fonds Ali\u00e9nor","og_description":"Jeudi 31 mai, Pierre-Jean Becking, directeur de l\u2019agence du Cr\u00e9dit social des fonctionnaires (CSF), Christelle Foin, responsable territoriale au CSF, et Ang\u00e9lique Mar\u00e9chal-Planchon, conseill\u00e8re au CSF, ont remis un don de 5 000 euros au fonds Ali\u00e9nor. Cette somme, vers\u00e9e au fonds Ali\u00e9nor pour la deuxi\u00e8me ann\u00e9e cons\u00e9cutive (la fondation CSF avait d\u00e9j\u00e0 remis un [&hellip;]","og_url":"https:\/\/www.fonds-alienor.fr\/le-credit-social-des-fonctionnaires-poursuit-son-soutien-au-projet-sur-tumeurs-cerebrales\/","og_site_name":"Fonds Ali\u00e9nor","article_publisher":"https:\/\/www.facebook.com\/chudepoitiers","article_published_time":"2018-06-06T14:00:37+00:00","article_modified_time":"2021-04-20T15:04:19+00:00","og_image":[{"width":872,"height":536,"url":"https:\/\/www.fonds-alienor.fr\/wp-content\/uploads\/2018\/06\/remise-cheque-CSF.jpg","type":"image\/jpeg"}],"author":"Communication CHU","twitter_card":"summary_large_image","twitter_creator":"@CHU_de_Poitiers","twitter_site":"@CHU_de_Poitiers","twitter_misc":{"Written by":"Communication CHU","Est. reading time":"1 minute"},"schema":{"@context":"https:\/\/schema.org","@graph":[{"@type":"Article","@id":"https:\/\/www.fonds-alienor.fr\/le-credit-social-des-fonctionnaires-poursuit-son-soutien-au-projet-sur-tumeurs-cerebrales\/#article","isPartOf":{"@id":"https:\/\/www.fonds-alienor.fr\/le-credit-social-des-fonctionnaires-poursuit-son-soutien-au-projet-sur-tumeurs-cerebrales\/"},"author":{"name":"Communication CHU","@id":"https:\/\/www.fonds-alienor.fr\/en\/#\/schema\/person\/dfcb6f976a0035c0d28ef0ec1162497d"},"headline":"Le Cr\u00e9dit social des fonctionnaires poursuit son soutien au projet sur les tumeurs c\u00e9r\u00e9brales","datePublished":"2018-06-06T14:00:37+00:00","dateModified":"2021-04-20T15:04:19+00:00","mainEntityOfPage":{"@id":"https:\/\/www.fonds-alienor.fr\/le-credit-social-des-fonctionnaires-poursuit-son-soutien-au-projet-sur-tumeurs-cerebrales\/"},"wordCount":311,"commentCount":0,"publisher":{"@id":"https:\/\/www.fonds-alienor.fr\/en\/#organization"},"image":{"@id":"https:\/\/www.fonds-alienor.fr\/le-credit-social-des-fonctionnaires-poursuit-son-soutien-au-projet-sur-tumeurs-cerebrales\/#primaryimage"},"thumbnailUrl":"https:\/\/www.fonds-alienor.fr\/wp-content\/uploads\/2018\/06\/remise-cheque-CSF.jpg","articleSection":["Non class\u00e9"],"inLanguage":"en-US"},{"@type":"WebPage","@id":"https:\/\/www.fonds-alienor.fr\/le-credit-social-des-fonctionnaires-poursuit-son-soutien-au-projet-sur-tumeurs-cerebrales\/","url":"https:\/\/www.fonds-alienor.fr\/le-credit-social-des-fonctionnaires-poursuit-son-soutien-au-projet-sur-tumeurs-cerebrales\/","name":"Le Cr\u00e9dit social des fonctionnaires poursuit son soutien au projet sur les tumeurs c\u00e9r\u00e9brales - Fonds Ali\u00e9nor","isPartOf":{"@id":"https:\/\/www.fonds-alienor.fr\/en\/#website"},"primaryImageOfPage":{"@id":"https:\/\/www.fonds-alienor.fr\/le-credit-social-des-fonctionnaires-poursuit-son-soutien-au-projet-sur-tumeurs-cerebrales\/#primaryimage"},"image":{"@id":"https:\/\/www.fonds-alienor.fr\/le-credit-social-des-fonctionnaires-poursuit-son-soutien-au-projet-sur-tumeurs-cerebrales\/#primaryimage"},"thumbnailUrl":"https:\/\/www.fonds-alienor.fr\/wp-content\/uploads\/2018\/06\/remise-cheque-CSF.jpg","datePublished":"2018-06-06T14:00:37+00:00","dateModified":"2021-04-20T15:04:19+00:00","breadcrumb":{"@id":"https:\/\/www.fonds-alienor.fr\/le-credit-social-des-fonctionnaires-poursuit-son-soutien-au-projet-sur-tumeurs-cerebrales\/#breadcrumb"},"inLanguage":"en-US","potentialAction":[{"@type":"ReadAction","target":["https:\/\/www.fonds-alienor.fr\/le-credit-social-des-fonctionnaires-poursuit-son-soutien-au-projet-sur-tumeurs-cerebrales\/"]}]},{"@type":"ImageObject","inLanguage":"en-US","@id":"https:\/\/www.fonds-alienor.fr\/le-credit-social-des-fonctionnaires-poursuit-son-soutien-au-projet-sur-tumeurs-cerebrales\/#primaryimage","url":"https:\/\/www.fonds-alienor.fr\/wp-content\/uploads\/2018\/06\/remise-cheque-CSF.jpg","contentUrl":"https:\/\/www.fonds-alienor.fr\/wp-content\/uploads\/2018\/06\/remise-cheque-CSF.jpg","width":872,"height":536,"caption":"G\u00e9rard Mauco, administrateur du fonds Ali\u00e9nor, Ang\u00e9lique Mar\u00e9chal-Planchon, conseill\u00e8re au Cr\u00e9dit social des fonctionnaires (CSF), Christelle Fouin, responsable territoriale au CSF, le Dr Syvain Portet et le Pr Benoit Bataille, neurochirurgiens et porteurs du projet, Pierre-Jean Becking, directeur d'agence du CSF, et S\u00e9verine Masson, directrice g\u00e9n\u00e9rale adjointe du CHU de Poitiers."},{"@type":"BreadcrumbList","@id":"https:\/\/www.fonds-alienor.fr\/le-credit-social-des-fonctionnaires-poursuit-son-soutien-au-projet-sur-tumeurs-cerebrales\/#breadcrumb","itemListElement":[{"@type":"ListItem","position":1,"name":"Accueil","item":"https:\/\/www.fonds-alienor.fr\/en\/"},{"@type":"ListItem","position":2,"name":"Le Cr\u00e9dit social des fonctionnaires poursuit son soutien au projet sur les tumeurs c\u00e9r\u00e9brales"}]},{"@type":"WebSite","@id":"https:\/\/www.fonds-alienor.fr\/en\/#website","url":"https:\/\/www.fonds-alienor.fr\/en\/","name":"Fonds Ali\u00e9nor","description":"Emmenons la recherche m\u00e9dicale","publisher":{"@id":"https:\/\/www.fonds-alienor.fr\/en\/#organization"},"potentialAction":[{"@type":"SearchAction","target":{"@type":"EntryPoint","urlTemplate":"https:\/\/www.fonds-alienor.fr\/en\/?s={search_term_string}"},"query-input":{"@type":"PropertyValueSpecification","valueRequired":true,"valueName":"search_term_string"}}],"inLanguage":"en-US"},{"@type":"Organization","@id":"https:\/\/www.fonds-alienor.fr\/en\/#organization","name":"Fonds Ali\u00e9nor du CHU de Poitiers","url":"https:\/\/www.fonds-alienor.fr\/en\/","logo":{"@type":"ImageObject","inLanguage":"en-US","@id":"https:\/\/www.fonds-alienor.fr\/en\/#\/schema\/logo\/image\/","url":"https:\/\/www.fonds-alienor.fr\/wp-content\/uploads\/2025\/10\/logo_114px.png","contentUrl":"https:\/\/www.fonds-alienor.fr\/wp-content\/uploads\/2025\/10\/logo_114px.png","width":114,"height":114,"caption":"Fonds Ali\u00e9nor du CHU de Poitiers"},"image":{"@id":"https:\/\/www.fonds-alienor.fr\/en\/#\/schema\/logo\/image\/"},"sameAs":["https:\/\/www.facebook.com\/chudepoitiers","https:\/\/x.com\/CHU_de_Poitiers","https:\/\/www.linkedin.com\/company\/chu-poitiers?trk=company_logo","https:\/\/www.youtube.com\/channel\/UCPpTSqyLsR5a-hXJA7zZ6cA"]},{"@type":"Person","@id":"https:\/\/www.fonds-alienor.fr\/en\/#\/schema\/person\/dfcb6f976a0035c0d28ef0ec1162497d","name":"Communication CHU","image":{"@type":"ImageObject","inLanguage":"en-US","@id":"https:\/\/secure.gravatar.com\/avatar\/e8241b1c4008757b3d6534121ad6d468fe3328c0ca9477a2023015afad018635?s=96&d=mm&r=g","url":"https:\/\/secure.gravatar.com\/avatar\/e8241b1c4008757b3d6534121ad6d468fe3328c0ca9477a2023015afad018635?s=96&d=mm&r=g","contentUrl":"https:\/\/secure.gravatar.com\/avatar\/e8241b1c4008757b3d6534121ad6d468fe3328c0ca9477a2023015afad018635?s=96&d=mm&r=g","caption":"Communication CHU"},"url":"https:\/\/www.fonds-alienor.fr\/en\/"}]}},"_links":{"self":[{"href":"https:\/\/www.fonds-alienor.fr\/en\/wp-json\/wp\/v2\/posts\/1363","targetHints":{"allow":["GET"]}}],"collection":[{"href":"https:\/\/www.fonds-alienor.fr\/en\/wp-json\/wp\/v2\/posts"}],"about":[{"href":"https:\/\/www.fonds-alienor.fr\/en\/wp-json\/wp\/v2\/types\/post"}],"author":[{"embeddable":true,"href":"https:\/\/www.fonds-alienor.fr\/en\/wp-json\/wp\/v2\/users\/13"}],"replies":[{"embeddable":true,"href":"https:\/\/www.fonds-alienor.fr\/en\/wp-json\/wp\/v2\/comments?post=1363"}],"version-history":[{"count":7,"href":"https:\/\/www.fonds-alienor.fr\/en\/wp-json\/wp\/v2\/posts\/1363\/revisions"}],"predecessor-version":[{"id":2721,"href":"https:\/\/www.fonds-alienor.fr\/en\/wp-json\/wp\/v2\/posts\/1363\/revisions\/2721"}],"wp:featuredmedia":[{"embeddable":true,"href":"https:\/\/www.fonds-alienor.fr\/en\/wp-json\/wp\/v2\/media\/1365"}],"wp:attachment":[{"href":"https:\/\/www.fonds-alienor.fr\/en\/wp-json\/wp\/v2\/media?parent=1363"}],"wp:term":[{"taxonomy":"category","embeddable":true,"href":"https:\/\/www.fonds-alienor.fr\/en\/wp-json\/wp\/v2\/categories?post=1363"},{"taxonomy":"post_tag","embeddable":true,"href":"https:\/\/www.fonds-alienor.fr\/en\/wp-json\/wp\/v2\/tags?post=1363"}],"curies":[{"name":"wp","href":"https:\/\/api.w.org\/{rel}","templated":true}]}}