{"id":1516,"date":"2018-12-12T16:29:24","date_gmt":"2018-12-12T15:29:24","guid":{"rendered":"http:\/\/www.fonds-alienor.fr\/?p=1516"},"modified":"2025-01-03T13:28:51","modified_gmt":"2025-01-03T12:28:51","slug":"lart-au-profit-de-la-recherche","status":"publish","type":"post","link":"https:\/\/www.fonds-alienor.fr\/en\/lart-au-profit-de-la-recherche\/","title":{"rendered":"Exposition Emotionnelles: l&#8217;art au profit de la recherche!"},"content":{"rendered":"<p><span style=\"font-family: arial,helvetica,sans-serif;\"><span style=\"color: #000000;\">Pour la 1<sup><span style=\"font-size: small;\">\u00e8re<\/span><\/sup><\/span><span style=\"color: #000000;\"> fois depuis sa cr\u00e9ation, le fonds Ali\u00e9nor a b\u00e9n\u00e9fici\u00e9 du soutien d\u2019une association organisatrice d\u2019expositions artistiques, pour soutenir ses projets de recherche et d\u2019innovation.<\/span><\/span><\/p>\n<p><span style=\"font-family: arial,helvetica,sans-serif;\"><span style=\"color: #000000;\">Le 21 novembre dernier, l\u2019association \u00ab\u00a0Solidarit\u00e9 Don d\u2019Espoir\u00a0\u00bb et l\u2019association \u00ab\u00a0Les Amis du Ch\u00e2teau de la Villedieu de Combl\u00e9\u00a0\u00bb co-organisatrices de l\u2019exposition \u00ab\u00a0Emotionnelles\u00a0\u00bb qui s\u2019est d\u00e9roul\u00e9e du 15 au 23 septembre au Ch\u00e2teau de la Villedieu de Combl\u00e9, pr\u00e8s de la Mothe-St-H\u00e9ray (79), sont venus remettre au fonds Ali\u00e9nor un don de 4\u00a0282 euros. Cette exposition a propos\u00e9 au public pr\u00e8s 300 \u0153uvres de 40 artistes, peintres et sculpteurs, qui ont tous accept\u00e9 de proposer leurs \u0153uvres \u00e0 des prix inf\u00e9rieurs \u00e0 ceux initialement fix\u00e9s, pour permettre aux acqu\u00e9reurs de faire un don aupr\u00e8s de quatre organismes de leur choix dont le fonds Ali\u00e9nor. <\/span><\/span><\/p>\n<p><span style=\"font-family: arial,helvetica,sans-serif;\"><span style=\"color: #000000;\">\u00ab\u00a0Une exposition qui a rencontr\u00e9 un beau succ\u00e8s et je salue votre initiative de porter ainsi l\u2019art au profit de la recherche m\u00e9dicale\u00a0!\u00a0\u00bb a soulign\u00e9 le pr\u00e9sident du fonds Ali\u00e9nor, Jean-Pierre Dewitte, qui a vivement remerci\u00e9 Denis Bonnet, pr\u00e9sident de l\u2019association Don d\u2019Espoir, et tous les b\u00e9n\u00e9voles.<\/span><\/span><\/p>\n<p><span style=\"font-family: 'Arial Narrow','sans-serif';\"><span style=\"color: #000000;\"><span style=\"font-family: arial,helvetica,sans-serif;\">Ce don permettra de soutenir les travaux de recherche du Pr Xavier Drouot pour son projet sur le sommeil chez le patient de r\u00e9animation.<\/span> <\/span><\/span><\/p>\n<p><img decoding=\"async\" class=\"alignnone size-full wp-image-9469\" src=\"https:\/\/www.fonds-alienor.fr\/wp-content\/uploads\/2018\/12\/IMG_1174-1.jpg\" alt=\"Emotionnelles\" width=\"900\" height=\"675\" \/><\/p>\n<p><span style=\"color: #000000; font-family: Calibri;\">\u00a0<\/span><\/p>\n<p>&nbsp;<\/p>\n","protected":false},"excerpt":{"rendered":"<p>Pour la 1\u00e8re fois depuis sa cr\u00e9ation, le fonds Ali\u00e9nor a b\u00e9n\u00e9fici\u00e9 du soutien d\u2019une association organisatrice d\u2019expositions artistiques, pour soutenir ses projets de recherche et d\u2019innovation. Le 21 novembre dernier, l\u2019association \u00ab\u00a0Solidarit\u00e9 Don d\u2019Espoir\u00a0\u00bb et l\u2019association \u00ab\u00a0Les Amis du Ch\u00e2teau de la Villedieu de Combl\u00e9\u00a0\u00bb co-organisatrices de l\u2019exposition \u00ab\u00a0Emotionnelles\u00a0\u00bb qui s\u2019est d\u00e9roul\u00e9e du 15 [&hellip;]<\/p>\n","protected":false},"author":7,"featured_media":9469,"comment_status":"closed","ping_status":"closed","sticky":false,"template":"","format":"standard","meta":{"footnotes":""},"categories":[9],"tags":[],"class_list":["post-1516","post","type-post","status-publish","format-standard","has-post-thumbnail","hentry","category-actu"],"yoast_head":"<!-- This site is optimized with the Yoast SEO plugin v27.3 - https:\/\/yoast.com\/product\/yoast-seo-wordpress\/ -->\n<title>Exposition Emotionnelles: l&#039;art au profit de la recherche! - Fonds Ali\u00e9nor<\/title>\n<meta name=\"robots\" content=\"index, follow, max-snippet:-1, max-image-preview:large, max-video-preview:-1\" \/>\n<link rel=\"canonical\" href=\"https:\/\/www.fonds-alienor.fr\/lart-au-profit-de-la-recherche\/\" \/>\n<meta property=\"og:locale\" content=\"en_US\" \/>\n<meta property=\"og:type\" content=\"article\" \/>\n<meta property=\"og:title\" content=\"Exposition Emotionnelles: l&#039;art au profit de la recherche! - Fonds Ali\u00e9nor\" \/>\n<meta property=\"og:description\" content=\"Pour la 1\u00e8re fois depuis sa cr\u00e9ation, le fonds Ali\u00e9nor a b\u00e9n\u00e9fici\u00e9 du soutien d\u2019une association organisatrice d\u2019expositions artistiques, pour soutenir ses projets de recherche et d\u2019innovation. Le 21 novembre dernier, l\u2019association \u00ab\u00a0Solidarit\u00e9 Don d\u2019Espoir\u00a0\u00bb et l\u2019association \u00ab\u00a0Les Amis du Ch\u00e2teau de la Villedieu de Combl\u00e9\u00a0\u00bb co-organisatrices de l\u2019exposition \u00ab\u00a0Emotionnelles\u00a0\u00bb qui s\u2019est d\u00e9roul\u00e9e du 15 [&hellip;]\" \/>\n<meta property=\"og:url\" content=\"https:\/\/www.fonds-alienor.fr\/lart-au-profit-de-la-recherche\/\" \/>\n<meta property=\"og:site_name\" content=\"Fonds Ali\u00e9nor\" \/>\n<meta property=\"article:publisher\" content=\"https:\/\/www.facebook.com\/chudepoitiers\" \/>\n<meta property=\"article:published_time\" content=\"2018-12-12T15:29:24+00:00\" \/>\n<meta property=\"article:modified_time\" content=\"2025-01-03T12:28:51+00:00\" \/>\n<meta property=\"og:image\" content=\"https:\/\/www.fonds-alienor.fr\/wp-content\/uploads\/2018\/12\/IMG_1174-1.jpg\" \/>\n\t<meta property=\"og:image:width\" content=\"900\" \/>\n\t<meta property=\"og:image:height\" content=\"675\" \/>\n\t<meta property=\"og:image:type\" content=\"image\/jpeg\" \/>\n<meta name=\"author\" content=\"Gracienne\" \/>\n<meta name=\"twitter:card\" content=\"summary_large_image\" \/>\n<meta name=\"twitter:creator\" content=\"@CHU_de_Poitiers\" \/>\n<meta name=\"twitter:site\" content=\"@CHU_de_Poitiers\" \/>\n<meta name=\"twitter:label1\" content=\"Written by\" \/>\n\t<meta name=\"twitter:data1\" content=\"Gracienne\" \/>\n\t<meta name=\"twitter:label2\" content=\"Est. reading time\" \/>\n\t<meta name=\"twitter:data2\" content=\"2 minutes\" \/>\n<script type=\"application\/ld+json\" class=\"yoast-schema-graph\">{\"@context\":\"https:\\\/\\\/schema.org\",\"@graph\":[{\"@type\":\"Article\",\"@id\":\"https:\\\/\\\/www.fonds-alienor.fr\\\/lart-au-profit-de-la-recherche\\\/#article\",\"isPartOf\":{\"@id\":\"https:\\\/\\\/www.fonds-alienor.fr\\\/lart-au-profit-de-la-recherche\\\/\"},\"author\":{\"name\":\"Gracienne\",\"@id\":\"https:\\\/\\\/www.fonds-alienor.fr\\\/en\\\/#\\\/schema\\\/person\\\/bcd859eead98cd512b26b6932dc1ebcf\"},\"headline\":\"Exposition Emotionnelles: l&#8217;art au profit de la recherche!\",\"datePublished\":\"2018-12-12T15:29:24+00:00\",\"dateModified\":\"2025-01-03T12:28:51+00:00\",\"mainEntityOfPage\":{\"@id\":\"https:\\\/\\\/www.fonds-alienor.fr\\\/lart-au-profit-de-la-recherche\\\/\"},\"wordCount\":239,\"publisher\":{\"@id\":\"https:\\\/\\\/www.fonds-alienor.fr\\\/en\\\/#organization\"},\"image\":{\"@id\":\"https:\\\/\\\/www.fonds-alienor.fr\\\/lart-au-profit-de-la-recherche\\\/#primaryimage\"},\"thumbnailUrl\":\"https:\\\/\\\/www.fonds-alienor.fr\\\/wp-content\\\/uploads\\\/2018\\\/12\\\/IMG_1174-1.jpg\",\"articleSection\":[\"Actualit\u00e9s\"],\"inLanguage\":\"en-US\"},{\"@type\":\"WebPage\",\"@id\":\"https:\\\/\\\/www.fonds-alienor.fr\\\/lart-au-profit-de-la-recherche\\\/\",\"url\":\"https:\\\/\\\/www.fonds-alienor.fr\\\/lart-au-profit-de-la-recherche\\\/\",\"name\":\"Exposition Emotionnelles: l'art au profit de la recherche! - Fonds Ali\u00e9nor\",\"isPartOf\":{\"@id\":\"https:\\\/\\\/www.fonds-alienor.fr\\\/en\\\/#website\"},\"primaryImageOfPage\":{\"@id\":\"https:\\\/\\\/www.fonds-alienor.fr\\\/lart-au-profit-de-la-recherche\\\/#primaryimage\"},\"image\":{\"@id\":\"https:\\\/\\\/www.fonds-alienor.fr\\\/lart-au-profit-de-la-recherche\\\/#primaryimage\"},\"thumbnailUrl\":\"https:\\\/\\\/www.fonds-alienor.fr\\\/wp-content\\\/uploads\\\/2018\\\/12\\\/IMG_1174-1.jpg\",\"datePublished\":\"2018-12-12T15:29:24+00:00\",\"dateModified\":\"2025-01-03T12:28:51+00:00\",\"breadcrumb\":{\"@id\":\"https:\\\/\\\/www.fonds-alienor.fr\\\/lart-au-profit-de-la-recherche\\\/#breadcrumb\"},\"inLanguage\":\"en-US\",\"potentialAction\":[{\"@type\":\"ReadAction\",\"target\":[\"https:\\\/\\\/www.fonds-alienor.fr\\\/lart-au-profit-de-la-recherche\\\/\"]}]},{\"@type\":\"ImageObject\",\"inLanguage\":\"en-US\",\"@id\":\"https:\\\/\\\/www.fonds-alienor.fr\\\/lart-au-profit-de-la-recherche\\\/#primaryimage\",\"url\":\"https:\\\/\\\/www.fonds-alienor.fr\\\/wp-content\\\/uploads\\\/2018\\\/12\\\/IMG_1174-1.jpg\",\"contentUrl\":\"https:\\\/\\\/www.fonds-alienor.fr\\\/wp-content\\\/uploads\\\/2018\\\/12\\\/IMG_1174-1.jpg\",\"width\":900,\"height\":675,\"caption\":\"Emotionnelles\"},{\"@type\":\"BreadcrumbList\",\"@id\":\"https:\\\/\\\/www.fonds-alienor.fr\\\/lart-au-profit-de-la-recherche\\\/#breadcrumb\",\"itemListElement\":[{\"@type\":\"ListItem\",\"position\":1,\"name\":\"Accueil\",\"item\":\"https:\\\/\\\/www.fonds-alienor.fr\\\/en\\\/\"},{\"@type\":\"ListItem\",\"position\":2,\"name\":\"Exposition Emotionnelles: l&rsquo;art au profit de la recherche!\"}]},{\"@type\":\"WebSite\",\"@id\":\"https:\\\/\\\/www.fonds-alienor.fr\\\/en\\\/#website\",\"url\":\"https:\\\/\\\/www.fonds-alienor.fr\\\/en\\\/\",\"name\":\"Fonds Ali\u00e9nor\",\"description\":\"Emmenons la recherche m\u00e9dicale\",\"publisher\":{\"@id\":\"https:\\\/\\\/www.fonds-alienor.fr\\\/en\\\/#organization\"},\"potentialAction\":[{\"@type\":\"SearchAction\",\"target\":{\"@type\":\"EntryPoint\",\"urlTemplate\":\"https:\\\/\\\/www.fonds-alienor.fr\\\/en\\\/?s={search_term_string}\"},\"query-input\":{\"@type\":\"PropertyValueSpecification\",\"valueRequired\":true,\"valueName\":\"search_term_string\"}}],\"inLanguage\":\"en-US\"},{\"@type\":\"Organization\",\"@id\":\"https:\\\/\\\/www.fonds-alienor.fr\\\/en\\\/#organization\",\"name\":\"Fonds Ali\u00e9nor du CHU de Poitiers\",\"url\":\"https:\\\/\\\/www.fonds-alienor.fr\\\/en\\\/\",\"logo\":{\"@type\":\"ImageObject\",\"inLanguage\":\"en-US\",\"@id\":\"https:\\\/\\\/www.fonds-alienor.fr\\\/en\\\/#\\\/schema\\\/logo\\\/image\\\/\",\"url\":\"https:\\\/\\\/www.fonds-alienor.fr\\\/wp-content\\\/uploads\\\/2025\\\/10\\\/logo_114px.png\",\"contentUrl\":\"https:\\\/\\\/www.fonds-alienor.fr\\\/wp-content\\\/uploads\\\/2025\\\/10\\\/logo_114px.png\",\"width\":114,\"height\":114,\"caption\":\"Fonds Ali\u00e9nor du CHU de Poitiers\"},\"image\":{\"@id\":\"https:\\\/\\\/www.fonds-alienor.fr\\\/en\\\/#\\\/schema\\\/logo\\\/image\\\/\"},\"sameAs\":[\"https:\\\/\\\/www.facebook.com\\\/chudepoitiers\",\"https:\\\/\\\/x.com\\\/CHU_de_Poitiers\",\"https:\\\/\\\/www.linkedin.com\\\/company\\\/chu-poitiers?trk=company_logo\",\"https:\\\/\\\/www.youtube.com\\\/channel\\\/UCPpTSqyLsR5a-hXJA7zZ6cA\"]},{\"@type\":\"Person\",\"@id\":\"https:\\\/\\\/www.fonds-alienor.fr\\\/en\\\/#\\\/schema\\\/person\\\/bcd859eead98cd512b26b6932dc1ebcf\",\"name\":\"Gracienne\",\"image\":{\"@type\":\"ImageObject\",\"inLanguage\":\"en-US\",\"@id\":\"https:\\\/\\\/secure.gravatar.com\\\/avatar\\\/3b17b15024b75677e01c9cd64e557639a59cfd73e277d1edba3001b78c6fa638?s=96&d=mm&r=g\",\"url\":\"https:\\\/\\\/secure.gravatar.com\\\/avatar\\\/3b17b15024b75677e01c9cd64e557639a59cfd73e277d1edba3001b78c6fa638?s=96&d=mm&r=g\",\"contentUrl\":\"https:\\\/\\\/secure.gravatar.com\\\/avatar\\\/3b17b15024b75677e01c9cd64e557639a59cfd73e277d1edba3001b78c6fa638?s=96&d=mm&r=g\",\"caption\":\"Gracienne\"},\"url\":\"https:\\\/\\\/www.fonds-alienor.fr\\\/en\\\/\"}]}<\/script>\n<!-- \/ Yoast SEO plugin. -->","yoast_head_json":{"title":"Exposition Emotionnelles: l'art au profit de la recherche! - Fonds Ali\u00e9nor","robots":{"index":"index","follow":"follow","max-snippet":"max-snippet:-1","max-image-preview":"max-image-preview:large","max-video-preview":"max-video-preview:-1"},"canonical":"https:\/\/www.fonds-alienor.fr\/lart-au-profit-de-la-recherche\/","og_locale":"en_US","og_type":"article","og_title":"Exposition Emotionnelles: l'art au profit de la recherche! - Fonds Ali\u00e9nor","og_description":"Pour la 1\u00e8re fois depuis sa cr\u00e9ation, le fonds Ali\u00e9nor a b\u00e9n\u00e9fici\u00e9 du soutien d\u2019une association organisatrice d\u2019expositions artistiques, pour soutenir ses projets de recherche et d\u2019innovation. Le 21 novembre dernier, l\u2019association \u00ab\u00a0Solidarit\u00e9 Don d\u2019Espoir\u00a0\u00bb et l\u2019association \u00ab\u00a0Les Amis du Ch\u00e2teau de la Villedieu de Combl\u00e9\u00a0\u00bb co-organisatrices de l\u2019exposition \u00ab\u00a0Emotionnelles\u00a0\u00bb qui s\u2019est d\u00e9roul\u00e9e du 15 [&hellip;]","og_url":"https:\/\/www.fonds-alienor.fr\/lart-au-profit-de-la-recherche\/","og_site_name":"Fonds Ali\u00e9nor","article_publisher":"https:\/\/www.facebook.com\/chudepoitiers","article_published_time":"2018-12-12T15:29:24+00:00","article_modified_time":"2025-01-03T12:28:51+00:00","og_image":[{"width":900,"height":675,"url":"https:\/\/www.fonds-alienor.fr\/wp-content\/uploads\/2018\/12\/IMG_1174-1.jpg","type":"image\/jpeg"}],"author":"Gracienne","twitter_card":"summary_large_image","twitter_creator":"@CHU_de_Poitiers","twitter_site":"@CHU_de_Poitiers","twitter_misc":{"Written by":"Gracienne","Est. reading time":"2 minutes"},"schema":{"@context":"https:\/\/schema.org","@graph":[{"@type":"Article","@id":"https:\/\/www.fonds-alienor.fr\/lart-au-profit-de-la-recherche\/#article","isPartOf":{"@id":"https:\/\/www.fonds-alienor.fr\/lart-au-profit-de-la-recherche\/"},"author":{"name":"Gracienne","@id":"https:\/\/www.fonds-alienor.fr\/en\/#\/schema\/person\/bcd859eead98cd512b26b6932dc1ebcf"},"headline":"Exposition Emotionnelles: l&#8217;art au profit de la recherche!","datePublished":"2018-12-12T15:29:24+00:00","dateModified":"2025-01-03T12:28:51+00:00","mainEntityOfPage":{"@id":"https:\/\/www.fonds-alienor.fr\/lart-au-profit-de-la-recherche\/"},"wordCount":239,"publisher":{"@id":"https:\/\/www.fonds-alienor.fr\/en\/#organization"},"image":{"@id":"https:\/\/www.fonds-alienor.fr\/lart-au-profit-de-la-recherche\/#primaryimage"},"thumbnailUrl":"https:\/\/www.fonds-alienor.fr\/wp-content\/uploads\/2018\/12\/IMG_1174-1.jpg","articleSection":["Actualit\u00e9s"],"inLanguage":"en-US"},{"@type":"WebPage","@id":"https:\/\/www.fonds-alienor.fr\/lart-au-profit-de-la-recherche\/","url":"https:\/\/www.fonds-alienor.fr\/lart-au-profit-de-la-recherche\/","name":"Exposition Emotionnelles: l'art au profit de la recherche! - Fonds Ali\u00e9nor","isPartOf":{"@id":"https:\/\/www.fonds-alienor.fr\/en\/#website"},"primaryImageOfPage":{"@id":"https:\/\/www.fonds-alienor.fr\/lart-au-profit-de-la-recherche\/#primaryimage"},"image":{"@id":"https:\/\/www.fonds-alienor.fr\/lart-au-profit-de-la-recherche\/#primaryimage"},"thumbnailUrl":"https:\/\/www.fonds-alienor.fr\/wp-content\/uploads\/2018\/12\/IMG_1174-1.jpg","datePublished":"2018-12-12T15:29:24+00:00","dateModified":"2025-01-03T12:28:51+00:00","breadcrumb":{"@id":"https:\/\/www.fonds-alienor.fr\/lart-au-profit-de-la-recherche\/#breadcrumb"},"inLanguage":"en-US","potentialAction":[{"@type":"ReadAction","target":["https:\/\/www.fonds-alienor.fr\/lart-au-profit-de-la-recherche\/"]}]},{"@type":"ImageObject","inLanguage":"en-US","@id":"https:\/\/www.fonds-alienor.fr\/lart-au-profit-de-la-recherche\/#primaryimage","url":"https:\/\/www.fonds-alienor.fr\/wp-content\/uploads\/2018\/12\/IMG_1174-1.jpg","contentUrl":"https:\/\/www.fonds-alienor.fr\/wp-content\/uploads\/2018\/12\/IMG_1174-1.jpg","width":900,"height":675,"caption":"Emotionnelles"},{"@type":"BreadcrumbList","@id":"https:\/\/www.fonds-alienor.fr\/lart-au-profit-de-la-recherche\/#breadcrumb","itemListElement":[{"@type":"ListItem","position":1,"name":"Accueil","item":"https:\/\/www.fonds-alienor.fr\/en\/"},{"@type":"ListItem","position":2,"name":"Exposition Emotionnelles: l&rsquo;art au profit de la recherche!"}]},{"@type":"WebSite","@id":"https:\/\/www.fonds-alienor.fr\/en\/#website","url":"https:\/\/www.fonds-alienor.fr\/en\/","name":"Fonds Ali\u00e9nor","description":"Emmenons la recherche m\u00e9dicale","publisher":{"@id":"https:\/\/www.fonds-alienor.fr\/en\/#organization"},"potentialAction":[{"@type":"SearchAction","target":{"@type":"EntryPoint","urlTemplate":"https:\/\/www.fonds-alienor.fr\/en\/?s={search_term_string}"},"query-input":{"@type":"PropertyValueSpecification","valueRequired":true,"valueName":"search_term_string"}}],"inLanguage":"en-US"},{"@type":"Organization","@id":"https:\/\/www.fonds-alienor.fr\/en\/#organization","name":"Fonds Ali\u00e9nor du CHU de Poitiers","url":"https:\/\/www.fonds-alienor.fr\/en\/","logo":{"@type":"ImageObject","inLanguage":"en-US","@id":"https:\/\/www.fonds-alienor.fr\/en\/#\/schema\/logo\/image\/","url":"https:\/\/www.fonds-alienor.fr\/wp-content\/uploads\/2025\/10\/logo_114px.png","contentUrl":"https:\/\/www.fonds-alienor.fr\/wp-content\/uploads\/2025\/10\/logo_114px.png","width":114,"height":114,"caption":"Fonds Ali\u00e9nor du CHU de Poitiers"},"image":{"@id":"https:\/\/www.fonds-alienor.fr\/en\/#\/schema\/logo\/image\/"},"sameAs":["https:\/\/www.facebook.com\/chudepoitiers","https:\/\/x.com\/CHU_de_Poitiers","https:\/\/www.linkedin.com\/company\/chu-poitiers?trk=company_logo","https:\/\/www.youtube.com\/channel\/UCPpTSqyLsR5a-hXJA7zZ6cA"]},{"@type":"Person","@id":"https:\/\/www.fonds-alienor.fr\/en\/#\/schema\/person\/bcd859eead98cd512b26b6932dc1ebcf","name":"Gracienne","image":{"@type":"ImageObject","inLanguage":"en-US","@id":"https:\/\/secure.gravatar.com\/avatar\/3b17b15024b75677e01c9cd64e557639a59cfd73e277d1edba3001b78c6fa638?s=96&d=mm&r=g","url":"https:\/\/secure.gravatar.com\/avatar\/3b17b15024b75677e01c9cd64e557639a59cfd73e277d1edba3001b78c6fa638?s=96&d=mm&r=g","contentUrl":"https:\/\/secure.gravatar.com\/avatar\/3b17b15024b75677e01c9cd64e557639a59cfd73e277d1edba3001b78c6fa638?s=96&d=mm&r=g","caption":"Gracienne"},"url":"https:\/\/www.fonds-alienor.fr\/en\/"}]}},"_links":{"self":[{"href":"https:\/\/www.fonds-alienor.fr\/en\/wp-json\/wp\/v2\/posts\/1516","targetHints":{"allow":["GET"]}}],"collection":[{"href":"https:\/\/www.fonds-alienor.fr\/en\/wp-json\/wp\/v2\/posts"}],"about":[{"href":"https:\/\/www.fonds-alienor.fr\/en\/wp-json\/wp\/v2\/types\/post"}],"author":[{"embeddable":true,"href":"https:\/\/www.fonds-alienor.fr\/en\/wp-json\/wp\/v2\/users\/7"}],"replies":[{"embeddable":true,"href":"https:\/\/www.fonds-alienor.fr\/en\/wp-json\/wp\/v2\/comments?post=1516"}],"version-history":[{"count":4,"href":"https:\/\/www.fonds-alienor.fr\/en\/wp-json\/wp\/v2\/posts\/1516\/revisions"}],"predecessor-version":[{"id":9475,"href":"https:\/\/www.fonds-alienor.fr\/en\/wp-json\/wp\/v2\/posts\/1516\/revisions\/9475"}],"wp:featuredmedia":[{"embeddable":true,"href":"https:\/\/www.fonds-alienor.fr\/en\/wp-json\/wp\/v2\/media\/9469"}],"wp:attachment":[{"href":"https:\/\/www.fonds-alienor.fr\/en\/wp-json\/wp\/v2\/media?parent=1516"}],"wp:term":[{"taxonomy":"category","embeddable":true,"href":"https:\/\/www.fonds-alienor.fr\/en\/wp-json\/wp\/v2\/categories?post=1516"},{"taxonomy":"post_tag","embeddable":true,"href":"https:\/\/www.fonds-alienor.fr\/en\/wp-json\/wp\/v2\/tags?post=1516"}],"curies":[{"name":"wp","href":"https:\/\/api.w.org\/{rel}","templated":true}]}}