{"id":1607,"date":"2019-02-14T10:38:53","date_gmt":"2019-02-14T09:38:53","guid":{"rendered":"http:\/\/www.fonds-alienor.fr\/?p=1607"},"modified":"2021-04-20T17:04:23","modified_gmt":"2021-04-20T15:04:23","slug":"intervention-de-frederick-gersal-lors-de-la-soiree-caritative-du-31-janvier-2019","status":"publish","type":"post","link":"https:\/\/www.fonds-alienor.fr\/en\/intervention-de-frederick-gersal-lors-de-la-soiree-caritative-du-31-janvier-2019\/","title":{"rendered":"Intervention de Fr\u00e9d\u00e9rick Gersal lors de la soir\u00e9e caritative du 31 janvier 2019"},"content":{"rendered":"<p>Je suis honor\u00e9 de parrainer ce Fonds Ali\u00e9nor du CHU\u2026 du Centre Hospitalier Universitaire. Justement, souvenons-nous que cette Universit\u00e9 de Poitiers est l\u2019une des plus anciennes d\u2019Europe. Elle a \u00e9t\u00e9 fond\u00e9e en 1431 par le roi de France Charles VII. Cette Universit\u00e9 pluridisciplinaire comprend d\u00e8s l\u2019origine Cinq Facult\u00e9s, dont la c\u00e9l\u00e9brissime Facult\u00e9 de M\u00e9decine. De ses rangs vont sortir de brillants m\u00e9decins et parmi eux, un Poitevin, Fran\u00e7ois Pidoux.<\/p>\n<p>Il est choisit par le Roi de France Henri II comme m\u00e9decin personnel, malheureusement il ne peut sauver le Roi d\u2019une terrible blessure \u00e0 l\u2019\u0153il lors d\u2019un tournoi. Son fils, Jean Pidoux, \u00e9galement m\u00e9decin, prend le relais. Le voil\u00e0 M\u00e9decin personnel du Roi Henri III. Mais il n\u2019est pas \u00e0 ses c\u00f4t\u00e9s au moment o\u00f9 il est assassin\u00e9 d\u2019un coup de couteau par le moine Jacques Cl\u00e9ment. Non d\u00e9savou\u00e9, Jean Pidoux reste le m\u00e9decin personnel d\u2019Henri IV. H\u00e9las, il n\u2019est pas l\u00e0 non plus au moment o\u00f9 Ravaillac assassine le Roi\u2026 Depuis ces \u00e9pisodes historiques bien des progr\u00e8s ont \u00e9t\u00e9 faits en mati\u00e8re de soins d\u2019urgences et d\u2019op\u00e9rations chirurgicales.<\/p>\n<p>Mais figurez-vous que le petit-fils du Docteur Jean Pidoux, n\u2019est autre que Jean de La Fontaine. Parmi les fables qu\u2019il a \u00e9crites, il y a \u00ab\u00a0Les M\u00e9decins\u00a0\u00bb. Peut-\u00eatre pensait-il en l\u2019\u00e9crivant \u00e0 son grand-p\u00e8re et son arri\u00e8re-grand-p\u00e8re\u2026<\/p>\n<p><strong>LES MEDECINS<\/strong><\/p>\n<p>Le M\u00e9decin Tant-pis allait voir un malade<\/p>\n<p>Que visitait aussi son confr\u00e8re Tant-mieux.<\/p>\n<p>Ce dernier ESPERAIT, quoique son camarade<\/p>\n<p>Soutint que le gisant irait voir ses a\u00efeux.<\/p>\n<p>Tous deux s\u2019\u00e9tant trouv\u00e9s diff\u00e9rents pour la cure,<\/p>\n<p>Leur malade paya le tribut \u00e0 nature,<\/p>\n<p>Apr\u00e8s qu\u2019en ses conseils Tant-pis eut \u00e9t\u00e9 cru.<\/p>\n<p>Ils triomphaient encore sur cette maladie<\/p>\n<p>L\u2019un disant\u00a0: \u00ab\u00a0Il est mort\u00a0: je l\u2019avais bien pr\u00e9vu.<\/p>\n<ul>\n<li>S\u2019il m\u2019e\u00fbt cru, disait l\u2019autre, il serait plein de vie.\u00a0\u00bbAlors OUI, la science m\u00e9dicale est complexe et les travaux men\u00e9s depuis des si\u00e8cles par les chercheurs la font progresser. Mais il reste encore tant \u00e0 faire\u2026 Alors le Fonds Ali\u00e9nor vous dit MERCI pour votre grande g\u00e9n\u00e9rosit\u00e9\u00a0!\n<p><figure id=\"attachment_1407\" aria-describedby=\"caption-attachment-1407\" style=\"width: 150px\" class=\"wp-caption alignright\"><a href=\"https:\/\/www.fonds-alienor.fr\/wp-content\/uploads\/2018\/08\/frederick-gersal-jardin.jpg\"><img decoding=\"async\" class=\"size-thumbnail wp-image-1407\" src=\"https:\/\/www.fonds-alienor.fr\/wp-content\/uploads\/2018\/08\/frederick-gersal-jardin-150x150.jpg\" alt=\"Fr\u00e9d\u00e9rick Gersal, journaliste et parrain du fonds Ali\u00e9nor.\" width=\"150\" height=\"150\" \/><\/a><figcaption id=\"caption-attachment-1407\" class=\"wp-caption-text\">Fr\u00e9d\u00e9rick Gersal, journaliste et parrain du fonds Ali\u00e9nor.<\/figcaption><\/figure><\/li>\n<\/ul>\n","protected":false},"excerpt":{"rendered":"<p>Je suis honor\u00e9 de parrainer ce Fonds Ali\u00e9nor du CHU\u2026 du Centre Hospitalier Universitaire. Justement, souvenons-nous que cette Universit\u00e9 de Poitiers est l\u2019une des plus anciennes d\u2019Europe. Elle a \u00e9t\u00e9 fond\u00e9e en 1431 par le roi de France Charles VII. Cette Universit\u00e9 pluridisciplinaire comprend d\u00e8s l\u2019origine Cinq Facult\u00e9s, dont la c\u00e9l\u00e9brissime Facult\u00e9 de M\u00e9decine. De [&hellip;]<\/p>\n","protected":false},"author":7,"featured_media":1407,"comment_status":"open","ping_status":"open","sticky":false,"template":"","format":"standard","meta":{"footnotes":""},"categories":[1],"tags":[],"class_list":["post-1607","post","type-post","status-publish","format-standard","has-post-thumbnail","hentry","category-non-classe"],"yoast_head":"<!-- This site is optimized with the Yoast SEO plugin v27.3 - https:\/\/yoast.com\/product\/yoast-seo-wordpress\/ -->\n<title>Intervention de Fr\u00e9d\u00e9rick Gersal lors de la soir\u00e9e caritative du 31 janvier 2019 - Fonds Ali\u00e9nor<\/title>\n<meta name=\"robots\" content=\"index, follow, max-snippet:-1, max-image-preview:large, max-video-preview:-1\" \/>\n<link rel=\"canonical\" href=\"https:\/\/www.fonds-alienor.fr\/intervention-de-frederick-gersal-lors-de-la-soiree-caritative-du-31-janvier-2019\/\" \/>\n<meta property=\"og:locale\" content=\"en_US\" \/>\n<meta property=\"og:type\" content=\"article\" \/>\n<meta property=\"og:title\" content=\"Intervention de Fr\u00e9d\u00e9rick Gersal lors de la soir\u00e9e caritative du 31 janvier 2019 - Fonds Ali\u00e9nor\" \/>\n<meta property=\"og:description\" content=\"Je suis honor\u00e9 de parrainer ce Fonds Ali\u00e9nor du CHU\u2026 du Centre Hospitalier Universitaire. Justement, souvenons-nous que cette Universit\u00e9 de Poitiers est l\u2019une des plus anciennes d\u2019Europe. Elle a \u00e9t\u00e9 fond\u00e9e en 1431 par le roi de France Charles VII. Cette Universit\u00e9 pluridisciplinaire comprend d\u00e8s l\u2019origine Cinq Facult\u00e9s, dont la c\u00e9l\u00e9brissime Facult\u00e9 de M\u00e9decine. De [&hellip;]\" \/>\n<meta property=\"og:url\" content=\"https:\/\/www.fonds-alienor.fr\/intervention-de-frederick-gersal-lors-de-la-soiree-caritative-du-31-janvier-2019\/\" \/>\n<meta property=\"og:site_name\" content=\"Fonds Ali\u00e9nor\" \/>\n<meta property=\"article:publisher\" content=\"https:\/\/www.facebook.com\/chudepoitiers\" \/>\n<meta property=\"article:published_time\" content=\"2019-02-14T09:38:53+00:00\" \/>\n<meta property=\"article:modified_time\" content=\"2021-04-20T15:04:23+00:00\" \/>\n<meta property=\"og:image\" content=\"https:\/\/www.fonds-alienor.fr\/wp-content\/uploads\/2018\/08\/frederick-gersal-jardin.jpg\" \/>\n\t<meta property=\"og:image:width\" content=\"696\" \/>\n\t<meta property=\"og:image:height\" content=\"449\" \/>\n\t<meta property=\"og:image:type\" content=\"image\/jpeg\" \/>\n<meta name=\"author\" content=\"Gracienne\" \/>\n<meta name=\"twitter:card\" content=\"summary_large_image\" \/>\n<meta name=\"twitter:creator\" content=\"@CHU_de_Poitiers\" \/>\n<meta name=\"twitter:site\" content=\"@CHU_de_Poitiers\" \/>\n<meta name=\"twitter:label1\" content=\"Written by\" \/>\n\t<meta name=\"twitter:data1\" content=\"Gracienne\" \/>\n\t<meta name=\"twitter:label2\" content=\"Est. reading time\" \/>\n\t<meta name=\"twitter:data2\" content=\"2 minutes\" \/>\n<script type=\"application\/ld+json\" class=\"yoast-schema-graph\">{\"@context\":\"https:\\\/\\\/schema.org\",\"@graph\":[{\"@type\":\"Article\",\"@id\":\"https:\\\/\\\/www.fonds-alienor.fr\\\/intervention-de-frederick-gersal-lors-de-la-soiree-caritative-du-31-janvier-2019\\\/#article\",\"isPartOf\":{\"@id\":\"https:\\\/\\\/www.fonds-alienor.fr\\\/intervention-de-frederick-gersal-lors-de-la-soiree-caritative-du-31-janvier-2019\\\/\"},\"author\":{\"name\":\"Gracienne\",\"@id\":\"https:\\\/\\\/www.fonds-alienor.fr\\\/en\\\/#\\\/schema\\\/person\\\/bcd859eead98cd512b26b6932dc1ebcf\"},\"headline\":\"Intervention de Fr\u00e9d\u00e9rick Gersal lors de la soir\u00e9e caritative du 31 janvier 2019\",\"datePublished\":\"2019-02-14T09:38:53+00:00\",\"dateModified\":\"2021-04-20T15:04:23+00:00\",\"mainEntityOfPage\":{\"@id\":\"https:\\\/\\\/www.fonds-alienor.fr\\\/intervention-de-frederick-gersal-lors-de-la-soiree-caritative-du-31-janvier-2019\\\/\"},\"wordCount\":418,\"commentCount\":0,\"publisher\":{\"@id\":\"https:\\\/\\\/www.fonds-alienor.fr\\\/en\\\/#organization\"},\"image\":{\"@id\":\"https:\\\/\\\/www.fonds-alienor.fr\\\/intervention-de-frederick-gersal-lors-de-la-soiree-caritative-du-31-janvier-2019\\\/#primaryimage\"},\"thumbnailUrl\":\"https:\\\/\\\/www.fonds-alienor.fr\\\/wp-content\\\/uploads\\\/2018\\\/08\\\/frederick-gersal-jardin.jpg\",\"articleSection\":[\"Non class\u00e9\"],\"inLanguage\":\"en-US\"},{\"@type\":\"WebPage\",\"@id\":\"https:\\\/\\\/www.fonds-alienor.fr\\\/intervention-de-frederick-gersal-lors-de-la-soiree-caritative-du-31-janvier-2019\\\/\",\"url\":\"https:\\\/\\\/www.fonds-alienor.fr\\\/intervention-de-frederick-gersal-lors-de-la-soiree-caritative-du-31-janvier-2019\\\/\",\"name\":\"Intervention de Fr\u00e9d\u00e9rick Gersal lors de la soir\u00e9e caritative du 31 janvier 2019 - Fonds Ali\u00e9nor\",\"isPartOf\":{\"@id\":\"https:\\\/\\\/www.fonds-alienor.fr\\\/en\\\/#website\"},\"primaryImageOfPage\":{\"@id\":\"https:\\\/\\\/www.fonds-alienor.fr\\\/intervention-de-frederick-gersal-lors-de-la-soiree-caritative-du-31-janvier-2019\\\/#primaryimage\"},\"image\":{\"@id\":\"https:\\\/\\\/www.fonds-alienor.fr\\\/intervention-de-frederick-gersal-lors-de-la-soiree-caritative-du-31-janvier-2019\\\/#primaryimage\"},\"thumbnailUrl\":\"https:\\\/\\\/www.fonds-alienor.fr\\\/wp-content\\\/uploads\\\/2018\\\/08\\\/frederick-gersal-jardin.jpg\",\"datePublished\":\"2019-02-14T09:38:53+00:00\",\"dateModified\":\"2021-04-20T15:04:23+00:00\",\"breadcrumb\":{\"@id\":\"https:\\\/\\\/www.fonds-alienor.fr\\\/intervention-de-frederick-gersal-lors-de-la-soiree-caritative-du-31-janvier-2019\\\/#breadcrumb\"},\"inLanguage\":\"en-US\",\"potentialAction\":[{\"@type\":\"ReadAction\",\"target\":[\"https:\\\/\\\/www.fonds-alienor.fr\\\/intervention-de-frederick-gersal-lors-de-la-soiree-caritative-du-31-janvier-2019\\\/\"]}]},{\"@type\":\"ImageObject\",\"inLanguage\":\"en-US\",\"@id\":\"https:\\\/\\\/www.fonds-alienor.fr\\\/intervention-de-frederick-gersal-lors-de-la-soiree-caritative-du-31-janvier-2019\\\/#primaryimage\",\"url\":\"https:\\\/\\\/www.fonds-alienor.fr\\\/wp-content\\\/uploads\\\/2018\\\/08\\\/frederick-gersal-jardin.jpg\",\"contentUrl\":\"https:\\\/\\\/www.fonds-alienor.fr\\\/wp-content\\\/uploads\\\/2018\\\/08\\\/frederick-gersal-jardin.jpg\",\"width\":696,\"height\":449,\"caption\":\"Fr\u00e9d\u00e9rick Gersal, journaliste et parrain du fonds Ali\u00e9nor.\"},{\"@type\":\"BreadcrumbList\",\"@id\":\"https:\\\/\\\/www.fonds-alienor.fr\\\/intervention-de-frederick-gersal-lors-de-la-soiree-caritative-du-31-janvier-2019\\\/#breadcrumb\",\"itemListElement\":[{\"@type\":\"ListItem\",\"position\":1,\"name\":\"Accueil\",\"item\":\"https:\\\/\\\/www.fonds-alienor.fr\\\/en\\\/\"},{\"@type\":\"ListItem\",\"position\":2,\"name\":\"Intervention de Fr\u00e9d\u00e9rick Gersal lors de la soir\u00e9e caritative du 31 janvier 2019\"}]},{\"@type\":\"WebSite\",\"@id\":\"https:\\\/\\\/www.fonds-alienor.fr\\\/en\\\/#website\",\"url\":\"https:\\\/\\\/www.fonds-alienor.fr\\\/en\\\/\",\"name\":\"Fonds Ali\u00e9nor\",\"description\":\"Emmenons la recherche m\u00e9dicale\",\"publisher\":{\"@id\":\"https:\\\/\\\/www.fonds-alienor.fr\\\/en\\\/#organization\"},\"potentialAction\":[{\"@type\":\"SearchAction\",\"target\":{\"@type\":\"EntryPoint\",\"urlTemplate\":\"https:\\\/\\\/www.fonds-alienor.fr\\\/en\\\/?s={search_term_string}\"},\"query-input\":{\"@type\":\"PropertyValueSpecification\",\"valueRequired\":true,\"valueName\":\"search_term_string\"}}],\"inLanguage\":\"en-US\"},{\"@type\":\"Organization\",\"@id\":\"https:\\\/\\\/www.fonds-alienor.fr\\\/en\\\/#organization\",\"name\":\"Fonds Ali\u00e9nor du CHU de Poitiers\",\"url\":\"https:\\\/\\\/www.fonds-alienor.fr\\\/en\\\/\",\"logo\":{\"@type\":\"ImageObject\",\"inLanguage\":\"en-US\",\"@id\":\"https:\\\/\\\/www.fonds-alienor.fr\\\/en\\\/#\\\/schema\\\/logo\\\/image\\\/\",\"url\":\"https:\\\/\\\/www.fonds-alienor.fr\\\/wp-content\\\/uploads\\\/2025\\\/10\\\/logo_114px.png\",\"contentUrl\":\"https:\\\/\\\/www.fonds-alienor.fr\\\/wp-content\\\/uploads\\\/2025\\\/10\\\/logo_114px.png\",\"width\":114,\"height\":114,\"caption\":\"Fonds Ali\u00e9nor du CHU de Poitiers\"},\"image\":{\"@id\":\"https:\\\/\\\/www.fonds-alienor.fr\\\/en\\\/#\\\/schema\\\/logo\\\/image\\\/\"},\"sameAs\":[\"https:\\\/\\\/www.facebook.com\\\/chudepoitiers\",\"https:\\\/\\\/x.com\\\/CHU_de_Poitiers\",\"https:\\\/\\\/www.linkedin.com\\\/company\\\/chu-poitiers?trk=company_logo\",\"https:\\\/\\\/www.youtube.com\\\/channel\\\/UCPpTSqyLsR5a-hXJA7zZ6cA\"]},{\"@type\":\"Person\",\"@id\":\"https:\\\/\\\/www.fonds-alienor.fr\\\/en\\\/#\\\/schema\\\/person\\\/bcd859eead98cd512b26b6932dc1ebcf\",\"name\":\"Gracienne\",\"image\":{\"@type\":\"ImageObject\",\"inLanguage\":\"en-US\",\"@id\":\"https:\\\/\\\/secure.gravatar.com\\\/avatar\\\/3b17b15024b75677e01c9cd64e557639a59cfd73e277d1edba3001b78c6fa638?s=96&d=mm&r=g\",\"url\":\"https:\\\/\\\/secure.gravatar.com\\\/avatar\\\/3b17b15024b75677e01c9cd64e557639a59cfd73e277d1edba3001b78c6fa638?s=96&d=mm&r=g\",\"contentUrl\":\"https:\\\/\\\/secure.gravatar.com\\\/avatar\\\/3b17b15024b75677e01c9cd64e557639a59cfd73e277d1edba3001b78c6fa638?s=96&d=mm&r=g\",\"caption\":\"Gracienne\"},\"url\":\"https:\\\/\\\/www.fonds-alienor.fr\\\/en\\\/\"}]}<\/script>\n<!-- \/ Yoast SEO plugin. -->","yoast_head_json":{"title":"Intervention de Fr\u00e9d\u00e9rick Gersal lors de la soir\u00e9e caritative du 31 janvier 2019 - Fonds Ali\u00e9nor","robots":{"index":"index","follow":"follow","max-snippet":"max-snippet:-1","max-image-preview":"max-image-preview:large","max-video-preview":"max-video-preview:-1"},"canonical":"https:\/\/www.fonds-alienor.fr\/intervention-de-frederick-gersal-lors-de-la-soiree-caritative-du-31-janvier-2019\/","og_locale":"en_US","og_type":"article","og_title":"Intervention de Fr\u00e9d\u00e9rick Gersal lors de la soir\u00e9e caritative du 31 janvier 2019 - Fonds Ali\u00e9nor","og_description":"Je suis honor\u00e9 de parrainer ce Fonds Ali\u00e9nor du CHU\u2026 du Centre Hospitalier Universitaire. Justement, souvenons-nous que cette Universit\u00e9 de Poitiers est l\u2019une des plus anciennes d\u2019Europe. Elle a \u00e9t\u00e9 fond\u00e9e en 1431 par le roi de France Charles VII. Cette Universit\u00e9 pluridisciplinaire comprend d\u00e8s l\u2019origine Cinq Facult\u00e9s, dont la c\u00e9l\u00e9brissime Facult\u00e9 de M\u00e9decine. De [&hellip;]","og_url":"https:\/\/www.fonds-alienor.fr\/intervention-de-frederick-gersal-lors-de-la-soiree-caritative-du-31-janvier-2019\/","og_site_name":"Fonds Ali\u00e9nor","article_publisher":"https:\/\/www.facebook.com\/chudepoitiers","article_published_time":"2019-02-14T09:38:53+00:00","article_modified_time":"2021-04-20T15:04:23+00:00","og_image":[{"width":696,"height":449,"url":"https:\/\/www.fonds-alienor.fr\/wp-content\/uploads\/2018\/08\/frederick-gersal-jardin.jpg","type":"image\/jpeg"}],"author":"Gracienne","twitter_card":"summary_large_image","twitter_creator":"@CHU_de_Poitiers","twitter_site":"@CHU_de_Poitiers","twitter_misc":{"Written by":"Gracienne","Est. reading time":"2 minutes"},"schema":{"@context":"https:\/\/schema.org","@graph":[{"@type":"Article","@id":"https:\/\/www.fonds-alienor.fr\/intervention-de-frederick-gersal-lors-de-la-soiree-caritative-du-31-janvier-2019\/#article","isPartOf":{"@id":"https:\/\/www.fonds-alienor.fr\/intervention-de-frederick-gersal-lors-de-la-soiree-caritative-du-31-janvier-2019\/"},"author":{"name":"Gracienne","@id":"https:\/\/www.fonds-alienor.fr\/en\/#\/schema\/person\/bcd859eead98cd512b26b6932dc1ebcf"},"headline":"Intervention de Fr\u00e9d\u00e9rick Gersal lors de la soir\u00e9e caritative du 31 janvier 2019","datePublished":"2019-02-14T09:38:53+00:00","dateModified":"2021-04-20T15:04:23+00:00","mainEntityOfPage":{"@id":"https:\/\/www.fonds-alienor.fr\/intervention-de-frederick-gersal-lors-de-la-soiree-caritative-du-31-janvier-2019\/"},"wordCount":418,"commentCount":0,"publisher":{"@id":"https:\/\/www.fonds-alienor.fr\/en\/#organization"},"image":{"@id":"https:\/\/www.fonds-alienor.fr\/intervention-de-frederick-gersal-lors-de-la-soiree-caritative-du-31-janvier-2019\/#primaryimage"},"thumbnailUrl":"https:\/\/www.fonds-alienor.fr\/wp-content\/uploads\/2018\/08\/frederick-gersal-jardin.jpg","articleSection":["Non class\u00e9"],"inLanguage":"en-US"},{"@type":"WebPage","@id":"https:\/\/www.fonds-alienor.fr\/intervention-de-frederick-gersal-lors-de-la-soiree-caritative-du-31-janvier-2019\/","url":"https:\/\/www.fonds-alienor.fr\/intervention-de-frederick-gersal-lors-de-la-soiree-caritative-du-31-janvier-2019\/","name":"Intervention de Fr\u00e9d\u00e9rick Gersal lors de la soir\u00e9e caritative du 31 janvier 2019 - Fonds Ali\u00e9nor","isPartOf":{"@id":"https:\/\/www.fonds-alienor.fr\/en\/#website"},"primaryImageOfPage":{"@id":"https:\/\/www.fonds-alienor.fr\/intervention-de-frederick-gersal-lors-de-la-soiree-caritative-du-31-janvier-2019\/#primaryimage"},"image":{"@id":"https:\/\/www.fonds-alienor.fr\/intervention-de-frederick-gersal-lors-de-la-soiree-caritative-du-31-janvier-2019\/#primaryimage"},"thumbnailUrl":"https:\/\/www.fonds-alienor.fr\/wp-content\/uploads\/2018\/08\/frederick-gersal-jardin.jpg","datePublished":"2019-02-14T09:38:53+00:00","dateModified":"2021-04-20T15:04:23+00:00","breadcrumb":{"@id":"https:\/\/www.fonds-alienor.fr\/intervention-de-frederick-gersal-lors-de-la-soiree-caritative-du-31-janvier-2019\/#breadcrumb"},"inLanguage":"en-US","potentialAction":[{"@type":"ReadAction","target":["https:\/\/www.fonds-alienor.fr\/intervention-de-frederick-gersal-lors-de-la-soiree-caritative-du-31-janvier-2019\/"]}]},{"@type":"ImageObject","inLanguage":"en-US","@id":"https:\/\/www.fonds-alienor.fr\/intervention-de-frederick-gersal-lors-de-la-soiree-caritative-du-31-janvier-2019\/#primaryimage","url":"https:\/\/www.fonds-alienor.fr\/wp-content\/uploads\/2018\/08\/frederick-gersal-jardin.jpg","contentUrl":"https:\/\/www.fonds-alienor.fr\/wp-content\/uploads\/2018\/08\/frederick-gersal-jardin.jpg","width":696,"height":449,"caption":"Fr\u00e9d\u00e9rick Gersal, journaliste et parrain du fonds Ali\u00e9nor."},{"@type":"BreadcrumbList","@id":"https:\/\/www.fonds-alienor.fr\/intervention-de-frederick-gersal-lors-de-la-soiree-caritative-du-31-janvier-2019\/#breadcrumb","itemListElement":[{"@type":"ListItem","position":1,"name":"Accueil","item":"https:\/\/www.fonds-alienor.fr\/en\/"},{"@type":"ListItem","position":2,"name":"Intervention de Fr\u00e9d\u00e9rick Gersal lors de la soir\u00e9e caritative du 31 janvier 2019"}]},{"@type":"WebSite","@id":"https:\/\/www.fonds-alienor.fr\/en\/#website","url":"https:\/\/www.fonds-alienor.fr\/en\/","name":"Fonds Ali\u00e9nor","description":"Emmenons la recherche m\u00e9dicale","publisher":{"@id":"https:\/\/www.fonds-alienor.fr\/en\/#organization"},"potentialAction":[{"@type":"SearchAction","target":{"@type":"EntryPoint","urlTemplate":"https:\/\/www.fonds-alienor.fr\/en\/?s={search_term_string}"},"query-input":{"@type":"PropertyValueSpecification","valueRequired":true,"valueName":"search_term_string"}}],"inLanguage":"en-US"},{"@type":"Organization","@id":"https:\/\/www.fonds-alienor.fr\/en\/#organization","name":"Fonds Ali\u00e9nor du CHU de Poitiers","url":"https:\/\/www.fonds-alienor.fr\/en\/","logo":{"@type":"ImageObject","inLanguage":"en-US","@id":"https:\/\/www.fonds-alienor.fr\/en\/#\/schema\/logo\/image\/","url":"https:\/\/www.fonds-alienor.fr\/wp-content\/uploads\/2025\/10\/logo_114px.png","contentUrl":"https:\/\/www.fonds-alienor.fr\/wp-content\/uploads\/2025\/10\/logo_114px.png","width":114,"height":114,"caption":"Fonds Ali\u00e9nor du CHU de Poitiers"},"image":{"@id":"https:\/\/www.fonds-alienor.fr\/en\/#\/schema\/logo\/image\/"},"sameAs":["https:\/\/www.facebook.com\/chudepoitiers","https:\/\/x.com\/CHU_de_Poitiers","https:\/\/www.linkedin.com\/company\/chu-poitiers?trk=company_logo","https:\/\/www.youtube.com\/channel\/UCPpTSqyLsR5a-hXJA7zZ6cA"]},{"@type":"Person","@id":"https:\/\/www.fonds-alienor.fr\/en\/#\/schema\/person\/bcd859eead98cd512b26b6932dc1ebcf","name":"Gracienne","image":{"@type":"ImageObject","inLanguage":"en-US","@id":"https:\/\/secure.gravatar.com\/avatar\/3b17b15024b75677e01c9cd64e557639a59cfd73e277d1edba3001b78c6fa638?s=96&d=mm&r=g","url":"https:\/\/secure.gravatar.com\/avatar\/3b17b15024b75677e01c9cd64e557639a59cfd73e277d1edba3001b78c6fa638?s=96&d=mm&r=g","contentUrl":"https:\/\/secure.gravatar.com\/avatar\/3b17b15024b75677e01c9cd64e557639a59cfd73e277d1edba3001b78c6fa638?s=96&d=mm&r=g","caption":"Gracienne"},"url":"https:\/\/www.fonds-alienor.fr\/en\/"}]}},"_links":{"self":[{"href":"https:\/\/www.fonds-alienor.fr\/en\/wp-json\/wp\/v2\/posts\/1607","targetHints":{"allow":["GET"]}}],"collection":[{"href":"https:\/\/www.fonds-alienor.fr\/en\/wp-json\/wp\/v2\/posts"}],"about":[{"href":"https:\/\/www.fonds-alienor.fr\/en\/wp-json\/wp\/v2\/types\/post"}],"author":[{"embeddable":true,"href":"https:\/\/www.fonds-alienor.fr\/en\/wp-json\/wp\/v2\/users\/7"}],"replies":[{"embeddable":true,"href":"https:\/\/www.fonds-alienor.fr\/en\/wp-json\/wp\/v2\/comments?post=1607"}],"version-history":[{"count":2,"href":"https:\/\/www.fonds-alienor.fr\/en\/wp-json\/wp\/v2\/posts\/1607\/revisions"}],"predecessor-version":[{"id":2751,"href":"https:\/\/www.fonds-alienor.fr\/en\/wp-json\/wp\/v2\/posts\/1607\/revisions\/2751"}],"wp:featuredmedia":[{"embeddable":true,"href":"https:\/\/www.fonds-alienor.fr\/en\/wp-json\/wp\/v2\/media\/1407"}],"wp:attachment":[{"href":"https:\/\/www.fonds-alienor.fr\/en\/wp-json\/wp\/v2\/media?parent=1607"}],"wp:term":[{"taxonomy":"category","embeddable":true,"href":"https:\/\/www.fonds-alienor.fr\/en\/wp-json\/wp\/v2\/categories?post=1607"},{"taxonomy":"post_tag","embeddable":true,"href":"https:\/\/www.fonds-alienor.fr\/en\/wp-json\/wp\/v2\/tags?post=1607"}],"curies":[{"name":"wp","href":"https:\/\/api.w.org\/{rel}","templated":true}]}}