{"id":2378,"date":"2020-08-27T15:33:57","date_gmt":"2020-08-27T13:33:57","guid":{"rendered":"https:\/\/www.fonds-alienor.fr\/?p=2378"},"modified":"2021-04-20T17:04:30","modified_gmt":"2021-04-20T15:04:30","slug":"entretien-avec-le-professeur-marc-paccalin-nouveau-doyen-de-la-faculte-de-medecine-et-de-pharmacie-de-poitiers","status":"publish","type":"post","link":"https:\/\/www.fonds-alienor.fr\/en\/entretien-avec-le-professeur-marc-paccalin-nouveau-doyen-de-la-faculte-de-medecine-et-de-pharmacie-de-poitiers\/","title":{"rendered":"Entretien avec le professeur Marc Paccalin, nouveau doyen de la facult\u00e9 de m\u00e9decine et de pharmacie de Poitiers"},"content":{"rendered":"<p><img decoding=\"async\" class=\"size-large wp-image-2380 aligncenter\" src=\"https:\/\/www.fonds-alienor.fr\/wp-content\/uploads\/2020\/08\/paccalin_marc-1024x683.jpg\" alt=\"\" width=\"640\" height=\"427\" srcset=\"https:\/\/www.fonds-alienor.fr\/wp-content\/uploads\/2020\/08\/paccalin_marc-1024x683.jpg 1024w, https:\/\/www.fonds-alienor.fr\/wp-content\/uploads\/2020\/08\/paccalin_marc-300x200.jpg 300w, https:\/\/www.fonds-alienor.fr\/wp-content\/uploads\/2020\/08\/paccalin_marc-768x512.jpg 768w, https:\/\/www.fonds-alienor.fr\/wp-content\/uploads\/2020\/08\/paccalin_marc-1536x1024.jpg 1536w, https:\/\/www.fonds-alienor.fr\/wp-content\/uploads\/2020\/08\/paccalin_marc.jpg 1981w\" sizes=\"(max-width: 640px) 100vw, 640px\" \/><\/p>\n<p>Le professeur Marc Paccalin a pris ses fonctions de doyen de la facult\u00e9 de m\u00e9decine et pharmacie de Poitiers en pleine crise \u00e9pid\u00e9mique. Dans ce contexte, il est devenu administrateur de droit du conseil d&#8217;administration du fonds Ali\u00e9nor, succ\u00e9dant au Pr Pascal Roblot \u00e0 ce titre. Il travaille en \u00e9quipe \u00e0 la mise en \u0153uvre des r\u00e9formes des \u00e9tudes en m\u00e9decine effectives \u00e0 la rentr\u00e9e universitaire prochaine. Optimiste et volontaire, il revient sur cette p\u00e9riode si particuli\u00e8re.<\/p>\n<h3>Comment s\u2019est pass\u00e9e votre prise de fonction en pleine crise sanitaire ?<\/h3>\n<p>Les \u00e9lections ont eu lieu le 16 janvier et j\u2019ai pris officiellement mes fonctions de doyen le 17 f\u00e9vrier apr\u00e8s un mois d\u2019\u00e9changes avec mon pr\u00e9d\u00e9cesseur, le Pr Pascal Roblot. Cette prise de fonction est d\u00e9j\u00e0 particuli\u00e8re puisqu\u2019elle co\u00efncide avec les r\u00e9formes des \u00e9tudes en sant\u00e9. Avec la crise sanitaire, je me retrouve un peu seul au sein de la facult\u00e9, entour\u00e9 du Pr Fran\u00e7ois Seguin et des assesseurs \u2013 les professeurs R\u00e9my Perdrisot, Denis Sarrouilhe, Jean-Philippe Neau, Christine Silvain, Xavier Dufour et Xavier Drouot \u2013, et second\u00e9 en t\u00e9l\u00e9travail et efficacit\u00e9 par les membres du personnel de la facult\u00e9.<br \/>\nJ\u2019ai laiss\u00e9 la chefferie du p\u00f4le de g\u00e9riatrie au Dr Florent Seit\u00e9 apr\u00e8s deux mandats mais je reste toujours sur le terrain ; c\u2019est essentiel. Mes fonctions intrahospitali\u00e8res ont \u00e9t\u00e9 bien soulag\u00e9es par mes coll\u00e8gues.<\/p>\n<h3>En quoi la crise sanitaire a-t-elle boulevers\u00e9 le fonctionnement de la facult\u00e9 de m\u00e9decine ?<\/h3>\n<p>En cette p\u00e9riode de confinement, il a fallu assurer la continuit\u00e9 p\u00e9dagogique aupr\u00e8s des \u00e9tudiants. Ce fut un v\u00e9ritable challenge. Nous avons la chance \u00e0 la facult\u00e9 d\u2019avoir une plateforme num\u00e9rique. Les enseignants ont pu ainsi mettre les cours \u00e0 la disposition des<br \/>\n\u00e9tudiants. Certains coll\u00e8gues ont m\u00eame mis en place des web conf\u00e9rences interactives. Nous avons men\u00e9 une enqu\u00eate et nous nous sommes rendu compte que les \u00e9tudiants sont tr\u00e8s \u00e0 l\u2019aise avec les outils num\u00e9riques. Mais<br \/>\nnous devons faire attention \u00e0 la fracture num\u00e9rique ; nous avons pr\u00eat\u00e9 des outils \u00e0 certains de nos \u00e9tudiants.<\/p>\n<p>La crise sanitaire est source d\u2019angoisse pour beaucoup d\u2019entre eux. De plus, ils ont d\u00fb totalement modifier leurs m\u00e9thodes de travail, au domicile, en famille, sans repli vers la biblioth\u00e8que universitaire\u2026 Pr\u00e8s d\u2019un tiers d\u2019entre eux d\u00e9clarent aujourd\u2019hui avoir moins ou moins bien travaill\u00e9 qu\u2019\u00e0<br \/>\nl\u2019accoutum\u00e9e. Nous restons en lien avec eux pour les aider \u00e0 g\u00e9rer leur stress ; pour r\u00e9pondre \u00e0 toutes leurs questions. Nous b\u00e9n\u00e9ficions, pour cela, de l\u2019aide de l\u2019\u00e9quipe Come\u2019in g\u00e9r\u00e9e par le Pr Virginie Migeot et le Dr Houria El Ouazzani. Des s\u00e9ances de sophrologie gratuites leur sont propos\u00e9es. L\u2019h\u00f4pital Henri-Laborit a assur\u00e9, pour sa part, une \u00e9coute t\u00e9l\u00e9phonique.<\/p>\n<p>Le concours de la PACES et l\u2019examen classant national (ECN) \u00e9tant maintenus, nous les avons organis\u00e9s avec l\u2019aide de l\u2019Universit\u00e9 afin qu\u2019ils se d\u00e9roulent dans des conditions de s\u00e9curit\u00e9 sanitaire optimales. Il a fallu aussi organiser la poursuite des \u00e9tudiants en m\u00e9decine et pharmacie en stage hospitalier. Nous avons ainsi mis en place un syst\u00e8me de rotation afin qu\u2019ils viennent en effectif r\u00e9duit dans les centres hospitaliers pour r\u00e9pondre aux besoins et garantir les mesures barri\u00e8res.<\/p>\n<h3>\nBeaucoup d\u2019\u00e9tudiants se sont port\u00e9s volontaires pour faire face \u00e0 la crise ?<\/h3>\n<p>Dans le cadre de cette crise, les \u00e9tudiants ont \u00e9t\u00e9 tr\u00e8s motiv\u00e9s. Ils nous ont aid\u00e9s \u00e0 g\u00e9rer les rotations dans les services. Certains se sont investis pour pr\u00eater main forte dans des h\u00f4pitaux des zones les plus affect\u00e9es, dans des centres m\u00e9dico-sociaux soit en tant qu\u2019aide-soignant ou agent de service hospitalier. Beaucoup se sont inscrits sur des listes mais force est de reconna\u00eetre qu\u2019il n\u2019y a pas eu besoin de beaucoup en recruter. Quoi qu\u2019il en soit, ils m\u00e9ritent tous des f\u00e9licitations.<\/p>\n<h3>\nMalgr\u00e9 la crise sanitaire, les r\u00e9formes des \u00e9tudes en sant\u00e9 vont-elles \u00eatre maintenues ?<\/h3>\n<p>Toutes les r\u00e9formes sont conserv\u00e9es. Les r\u00e9formes du 1er et 3e cycles auront bien lieu. La r\u00e9forme du 2e cycle est maintenue avec \u00e9valuation des connaissances et des comp\u00e9tences, et toutefois une petite modification. De par la situation sanitaire, l\u2019organisation de l\u2019examen classant national sera conserv\u00e9e en fin de 6e pour la future promotion entrant en 4e ann\u00e9e, avant de basculer en d\u00e9but de 6e ann\u00e9e.<\/p>\n<h3>\nEn quoi consistent ces r\u00e9formes ?<\/h3>\n<p>La r\u00e9forme de la premi\u00e8re ann\u00e9e commune des \u00e9tudes en sant\u00e9 (PACES) qui est la plus importante prend effet en septembre. L\u2019Universit\u00e9 de Poitiers a pour sp\u00e9cificit\u00e9 de proposer une licence acc\u00e8s sant\u00e9 (L.AS) f\u00e9d\u00e9rant 14 disciplines : langues, lettres, sciences \u00e9conomiques, droit, biologie, sciences du sport\u2026 D\u2019autres universit\u00e9s proposent \u00e9galement ce syst\u00e8me de L.AS mais aucune avec 14 licences. Et c\u2019est l\u00e0, le vrai esprit de la r\u00e9forme : permettre \u00e0 des personnes d\u2019horizons diff\u00e9rents d\u2019acc\u00e9der \u00e0 des \u00e9tudes en sant\u00e9. Plus de 800 n\u00e9obacheliers seront accueillis au sein de ces 14 licences. Leur premi\u00e8re ann\u00e9e comportera des enseignements en sant\u00e9 et des cours de la licence disciplinaire choisie. Il ne s\u2019agit plus d\u2019un \u00ab concours \u00bb mais l\u2019acc\u00e8s en seconde ann\u00e9e de sant\u00e9, quelle que soit la fili\u00e8re (odontologie, ma\u00efeutique, m\u00e9decine, masso-kin\u00e9sith\u00e9rapie, pharmacie) sera identique. En revanche, ceux qui n\u2019auront pas un classement permettant de poursuivre en \u00e9tudes en sant\u00e9, pourront, si les \u00e9valuations sont valid\u00e9es, passer en 2e ann\u00e9e de la licence disciplinaire de la discipline. La rentr\u00e9e prochaine sera compliqu\u00e9e pour les enseignants et la scolarit\u00e9 qui auront \u00e0 organiser l\u2019enseignement des redoublants de la PACES actuelle et celui des \u00e9tudiants en L.AS avec probablement des conditions sanitaires peu propices \u00e0 r\u00e9unir des promotions importantes.<br \/>\nEn second cycle, le programme \u00e9tait \u00e0 la fois trop lourd et trop sp\u00e9cialis\u00e9, il a \u00e9t\u00e9 ainsi d\u00e9cid\u00e9 de l\u2019all\u00e9ger. Le mode d\u2019\u00e9valuation ne se basera plus seulement sur les connaissances mais \u00e9galement sur les comp\u00e9tences, et prendra en consid\u00e9ration l\u2019ensemble du parcours de l\u2019\u00e9tudiant. La r\u00e9forme de troisi\u00e8me cycle comporte d\u00e9sormais 3 phases (socle, consolidation et approfondissement). Elle inclut la possibilit\u00e9 d\u2019acc\u00e9der \u00e0 des options et formations sp\u00e9cialis\u00e9es transversales ainsi qu\u2019une derni\u00e8re ann\u00e9e de formation o\u00f9 les internes seront d\u00e9sormais des \u00ab Docteurs juniors \u00bb avec pour objectif de gagner progressivement en autonomie sous la responsabilit\u00e9 d\u2019un m\u00e9decin senior et la possibilit\u00e9 d\u2019effectuer des astreintes et gardes de senior. La premi\u00e8re promotion de docteurs juniors commence en novembre prochain, sur des terrains de stage agr\u00e9\u00e9s. Elle est organis\u00e9e sous la responsabilit\u00e9 des coordonnateurs locaux et r\u00e9gionaux des sp\u00e9cialit\u00e9s en lien avec la facult\u00e9 et l\u2019Agence r\u00e9gionale de la sant\u00e9.<\/p>\n<h3>\nEst-il facile de mettre en place des r\u00e9formes dans ce contexte particulier ?<\/h3>\n<p>Il est d\u00e9j\u00e0 compliqu\u00e9 de mettre en \u0153uvre une r\u00e9forme en temps normal. L\u00e0, il s\u2019agit de trois r\u00e9formes en p\u00e9riode de crise sanitaire. Mais le m\u00e9rite revient \u00e0 tous ceux qui s\u2019investissent \u00e0 la facult\u00e9 : le personnel, les assesseurs des trois cycles en interaction active avec les responsables des disciplines et les repr\u00e9sentants des \u00e9tudiants.<\/p>\n<h3>\nQuelles sont vos ambitions pour la facult\u00e9 de m\u00e9decine dans les ann\u00e9es qui viennent ?<\/h3>\n<p>Mes objectifs sont de f\u00e9d\u00e9rer toutes les fili\u00e8res au sein d\u2019une facult\u00e9 des \u00e9tudes en sant\u00e9, de stimuler la r\u00e9flexion avec le CHU et l\u2019universit\u00e9 sur la strat\u00e9gie de la recherche, d\u2019\u00e9voluer dans nos modes d\u2019enseignement, d\u2019\u00eatre proactif, en synergie avec Anne Costa, la directrice g\u00e9n\u00e9rale du CHU, et le Pr Bertrand Debaene, le pr\u00e9sident de la commission m\u00e9dicale d\u2019\u00e9tablissement, pour permettre l\u2019\u00e9closion locale des jeunes pousses et le recrutement d\u2019hospitalo-universitaires, de favoriser l\u2019int\u00e9gration universitaire des instituts param\u00e9dicaux.<\/p>\n","protected":false},"excerpt":{"rendered":"<p>Le professeur Marc Paccalin a pris ses fonctions de doyen de la facult\u00e9 de m\u00e9decine et pharmacie de Poitiers en pleine crise \u00e9pid\u00e9mique. Dans ce contexte, il est devenu administrateur de droit du conseil d&#8217;administration du fonds Ali\u00e9nor, succ\u00e9dant au Pr Pascal Roblot \u00e0 ce titre. Il travaille en \u00e9quipe \u00e0 la mise en \u0153uvre [&hellip;]<\/p>\n","protected":false},"author":13,"featured_media":2380,"comment_status":"closed","ping_status":"closed","sticky":false,"template":"","format":"standard","meta":{"footnotes":""},"categories":[1],"tags":[],"class_list":["post-2378","post","type-post","status-publish","format-standard","has-post-thumbnail","hentry","category-non-classe"],"yoast_head":"<!-- This site is optimized with the Yoast SEO plugin v27.3 - https:\/\/yoast.com\/product\/yoast-seo-wordpress\/ -->\n<title>Entretien avec le professeur Marc Paccalin, nouveau doyen de la facult\u00e9 de m\u00e9decine et de pharmacie de Poitiers - Fonds Ali\u00e9nor<\/title>\n<meta name=\"robots\" content=\"index, follow, max-snippet:-1, max-image-preview:large, max-video-preview:-1\" \/>\n<link rel=\"canonical\" href=\"https:\/\/www.fonds-alienor.fr\/entretien-avec-le-professeur-marc-paccalin-nouveau-doyen-de-la-faculte-de-medecine-et-de-pharmacie-de-poitiers\/\" \/>\n<meta property=\"og:locale\" content=\"en_US\" \/>\n<meta property=\"og:type\" content=\"article\" \/>\n<meta property=\"og:title\" content=\"Entretien avec le professeur Marc Paccalin, nouveau doyen de la facult\u00e9 de m\u00e9decine et de pharmacie de Poitiers - Fonds Ali\u00e9nor\" \/>\n<meta property=\"og:description\" content=\"Le professeur Marc Paccalin a pris ses fonctions de doyen de la facult\u00e9 de m\u00e9decine et pharmacie de Poitiers en pleine crise \u00e9pid\u00e9mique. Dans ce contexte, il est devenu administrateur de droit du conseil d&#8217;administration du fonds Ali\u00e9nor, succ\u00e9dant au Pr Pascal Roblot \u00e0 ce titre. Il travaille en \u00e9quipe \u00e0 la mise en \u0153uvre [&hellip;]\" \/>\n<meta property=\"og:url\" content=\"https:\/\/www.fonds-alienor.fr\/entretien-avec-le-professeur-marc-paccalin-nouveau-doyen-de-la-faculte-de-medecine-et-de-pharmacie-de-poitiers\/\" \/>\n<meta property=\"og:site_name\" content=\"Fonds Ali\u00e9nor\" \/>\n<meta property=\"article:publisher\" content=\"https:\/\/www.facebook.com\/chudepoitiers\" \/>\n<meta property=\"article:published_time\" content=\"2020-08-27T13:33:57+00:00\" \/>\n<meta property=\"article:modified_time\" content=\"2021-04-20T15:04:30+00:00\" \/>\n<meta property=\"og:image\" content=\"https:\/\/www.fonds-alienor.fr\/wp-content\/uploads\/2020\/08\/paccalin_marc.jpg\" \/>\n\t<meta property=\"og:image:width\" content=\"1981\" \/>\n\t<meta property=\"og:image:height\" content=\"1321\" \/>\n\t<meta property=\"og:image:type\" content=\"image\/jpeg\" \/>\n<meta name=\"author\" content=\"Communication CHU\" \/>\n<meta name=\"twitter:card\" content=\"summary_large_image\" \/>\n<meta name=\"twitter:creator\" content=\"@CHU_de_Poitiers\" \/>\n<meta name=\"twitter:site\" content=\"@CHU_de_Poitiers\" \/>\n<meta name=\"twitter:label1\" content=\"Written by\" \/>\n\t<meta name=\"twitter:data1\" content=\"Communication CHU\" \/>\n\t<meta name=\"twitter:label2\" content=\"Est. reading time\" \/>\n\t<meta name=\"twitter:data2\" content=\"7 minutes\" \/>\n<script type=\"application\/ld+json\" class=\"yoast-schema-graph\">{\"@context\":\"https:\\\/\\\/schema.org\",\"@graph\":[{\"@type\":\"Article\",\"@id\":\"https:\\\/\\\/www.fonds-alienor.fr\\\/entretien-avec-le-professeur-marc-paccalin-nouveau-doyen-de-la-faculte-de-medecine-et-de-pharmacie-de-poitiers\\\/#article\",\"isPartOf\":{\"@id\":\"https:\\\/\\\/www.fonds-alienor.fr\\\/entretien-avec-le-professeur-marc-paccalin-nouveau-doyen-de-la-faculte-de-medecine-et-de-pharmacie-de-poitiers\\\/\"},\"author\":{\"name\":\"Communication CHU\",\"@id\":\"https:\\\/\\\/www.fonds-alienor.fr\\\/en\\\/#\\\/schema\\\/person\\\/dfcb6f976a0035c0d28ef0ec1162497d\"},\"headline\":\"Entretien avec le professeur Marc Paccalin, nouveau doyen de la facult\u00e9 de m\u00e9decine et de pharmacie de Poitiers\",\"datePublished\":\"2020-08-27T13:33:57+00:00\",\"dateModified\":\"2021-04-20T15:04:30+00:00\",\"mainEntityOfPage\":{\"@id\":\"https:\\\/\\\/www.fonds-alienor.fr\\\/entretien-avec-le-professeur-marc-paccalin-nouveau-doyen-de-la-faculte-de-medecine-et-de-pharmacie-de-poitiers\\\/\"},\"wordCount\":1417,\"publisher\":{\"@id\":\"https:\\\/\\\/www.fonds-alienor.fr\\\/en\\\/#organization\"},\"image\":{\"@id\":\"https:\\\/\\\/www.fonds-alienor.fr\\\/entretien-avec-le-professeur-marc-paccalin-nouveau-doyen-de-la-faculte-de-medecine-et-de-pharmacie-de-poitiers\\\/#primaryimage\"},\"thumbnailUrl\":\"https:\\\/\\\/www.fonds-alienor.fr\\\/wp-content\\\/uploads\\\/2020\\\/08\\\/paccalin_marc.jpg\",\"articleSection\":[\"Non class\u00e9\"],\"inLanguage\":\"en-US\"},{\"@type\":\"WebPage\",\"@id\":\"https:\\\/\\\/www.fonds-alienor.fr\\\/entretien-avec-le-professeur-marc-paccalin-nouveau-doyen-de-la-faculte-de-medecine-et-de-pharmacie-de-poitiers\\\/\",\"url\":\"https:\\\/\\\/www.fonds-alienor.fr\\\/entretien-avec-le-professeur-marc-paccalin-nouveau-doyen-de-la-faculte-de-medecine-et-de-pharmacie-de-poitiers\\\/\",\"name\":\"Entretien avec le professeur Marc Paccalin, nouveau doyen de la facult\u00e9 de m\u00e9decine et de pharmacie de Poitiers - Fonds Ali\u00e9nor\",\"isPartOf\":{\"@id\":\"https:\\\/\\\/www.fonds-alienor.fr\\\/en\\\/#website\"},\"primaryImageOfPage\":{\"@id\":\"https:\\\/\\\/www.fonds-alienor.fr\\\/entretien-avec-le-professeur-marc-paccalin-nouveau-doyen-de-la-faculte-de-medecine-et-de-pharmacie-de-poitiers\\\/#primaryimage\"},\"image\":{\"@id\":\"https:\\\/\\\/www.fonds-alienor.fr\\\/entretien-avec-le-professeur-marc-paccalin-nouveau-doyen-de-la-faculte-de-medecine-et-de-pharmacie-de-poitiers\\\/#primaryimage\"},\"thumbnailUrl\":\"https:\\\/\\\/www.fonds-alienor.fr\\\/wp-content\\\/uploads\\\/2020\\\/08\\\/paccalin_marc.jpg\",\"datePublished\":\"2020-08-27T13:33:57+00:00\",\"dateModified\":\"2021-04-20T15:04:30+00:00\",\"breadcrumb\":{\"@id\":\"https:\\\/\\\/www.fonds-alienor.fr\\\/entretien-avec-le-professeur-marc-paccalin-nouveau-doyen-de-la-faculte-de-medecine-et-de-pharmacie-de-poitiers\\\/#breadcrumb\"},\"inLanguage\":\"en-US\",\"potentialAction\":[{\"@type\":\"ReadAction\",\"target\":[\"https:\\\/\\\/www.fonds-alienor.fr\\\/entretien-avec-le-professeur-marc-paccalin-nouveau-doyen-de-la-faculte-de-medecine-et-de-pharmacie-de-poitiers\\\/\"]}]},{\"@type\":\"ImageObject\",\"inLanguage\":\"en-US\",\"@id\":\"https:\\\/\\\/www.fonds-alienor.fr\\\/entretien-avec-le-professeur-marc-paccalin-nouveau-doyen-de-la-faculte-de-medecine-et-de-pharmacie-de-poitiers\\\/#primaryimage\",\"url\":\"https:\\\/\\\/www.fonds-alienor.fr\\\/wp-content\\\/uploads\\\/2020\\\/08\\\/paccalin_marc.jpg\",\"contentUrl\":\"https:\\\/\\\/www.fonds-alienor.fr\\\/wp-content\\\/uploads\\\/2020\\\/08\\\/paccalin_marc.jpg\",\"width\":1981,\"height\":1321},{\"@type\":\"BreadcrumbList\",\"@id\":\"https:\\\/\\\/www.fonds-alienor.fr\\\/entretien-avec-le-professeur-marc-paccalin-nouveau-doyen-de-la-faculte-de-medecine-et-de-pharmacie-de-poitiers\\\/#breadcrumb\",\"itemListElement\":[{\"@type\":\"ListItem\",\"position\":1,\"name\":\"Accueil\",\"item\":\"https:\\\/\\\/www.fonds-alienor.fr\\\/en\\\/\"},{\"@type\":\"ListItem\",\"position\":2,\"name\":\"Entretien avec le professeur Marc Paccalin, nouveau doyen de la facult\u00e9 de m\u00e9decine et de pharmacie de Poitiers\"}]},{\"@type\":\"WebSite\",\"@id\":\"https:\\\/\\\/www.fonds-alienor.fr\\\/en\\\/#website\",\"url\":\"https:\\\/\\\/www.fonds-alienor.fr\\\/en\\\/\",\"name\":\"Fonds Ali\u00e9nor\",\"description\":\"Emmenons la recherche m\u00e9dicale\",\"publisher\":{\"@id\":\"https:\\\/\\\/www.fonds-alienor.fr\\\/en\\\/#organization\"},\"potentialAction\":[{\"@type\":\"SearchAction\",\"target\":{\"@type\":\"EntryPoint\",\"urlTemplate\":\"https:\\\/\\\/www.fonds-alienor.fr\\\/en\\\/?s={search_term_string}\"},\"query-input\":{\"@type\":\"PropertyValueSpecification\",\"valueRequired\":true,\"valueName\":\"search_term_string\"}}],\"inLanguage\":\"en-US\"},{\"@type\":\"Organization\",\"@id\":\"https:\\\/\\\/www.fonds-alienor.fr\\\/en\\\/#organization\",\"name\":\"Fonds Ali\u00e9nor du CHU de Poitiers\",\"url\":\"https:\\\/\\\/www.fonds-alienor.fr\\\/en\\\/\",\"logo\":{\"@type\":\"ImageObject\",\"inLanguage\":\"en-US\",\"@id\":\"https:\\\/\\\/www.fonds-alienor.fr\\\/en\\\/#\\\/schema\\\/logo\\\/image\\\/\",\"url\":\"https:\\\/\\\/www.fonds-alienor.fr\\\/wp-content\\\/uploads\\\/2025\\\/10\\\/logo_114px.png\",\"contentUrl\":\"https:\\\/\\\/www.fonds-alienor.fr\\\/wp-content\\\/uploads\\\/2025\\\/10\\\/logo_114px.png\",\"width\":114,\"height\":114,\"caption\":\"Fonds Ali\u00e9nor du CHU de Poitiers\"},\"image\":{\"@id\":\"https:\\\/\\\/www.fonds-alienor.fr\\\/en\\\/#\\\/schema\\\/logo\\\/image\\\/\"},\"sameAs\":[\"https:\\\/\\\/www.facebook.com\\\/chudepoitiers\",\"https:\\\/\\\/x.com\\\/CHU_de_Poitiers\",\"https:\\\/\\\/www.linkedin.com\\\/company\\\/chu-poitiers?trk=company_logo\",\"https:\\\/\\\/www.youtube.com\\\/channel\\\/UCPpTSqyLsR5a-hXJA7zZ6cA\"]},{\"@type\":\"Person\",\"@id\":\"https:\\\/\\\/www.fonds-alienor.fr\\\/en\\\/#\\\/schema\\\/person\\\/dfcb6f976a0035c0d28ef0ec1162497d\",\"name\":\"Communication CHU\",\"image\":{\"@type\":\"ImageObject\",\"inLanguage\":\"en-US\",\"@id\":\"https:\\\/\\\/secure.gravatar.com\\\/avatar\\\/e8241b1c4008757b3d6534121ad6d468fe3328c0ca9477a2023015afad018635?s=96&d=mm&r=g\",\"url\":\"https:\\\/\\\/secure.gravatar.com\\\/avatar\\\/e8241b1c4008757b3d6534121ad6d468fe3328c0ca9477a2023015afad018635?s=96&d=mm&r=g\",\"contentUrl\":\"https:\\\/\\\/secure.gravatar.com\\\/avatar\\\/e8241b1c4008757b3d6534121ad6d468fe3328c0ca9477a2023015afad018635?s=96&d=mm&r=g\",\"caption\":\"Communication CHU\"},\"url\":\"https:\\\/\\\/www.fonds-alienor.fr\\\/en\\\/\"}]}<\/script>\n<!-- \/ Yoast SEO plugin. -->","yoast_head_json":{"title":"Entretien avec le professeur Marc Paccalin, nouveau doyen de la facult\u00e9 de m\u00e9decine et de pharmacie de Poitiers - Fonds Ali\u00e9nor","robots":{"index":"index","follow":"follow","max-snippet":"max-snippet:-1","max-image-preview":"max-image-preview:large","max-video-preview":"max-video-preview:-1"},"canonical":"https:\/\/www.fonds-alienor.fr\/entretien-avec-le-professeur-marc-paccalin-nouveau-doyen-de-la-faculte-de-medecine-et-de-pharmacie-de-poitiers\/","og_locale":"en_US","og_type":"article","og_title":"Entretien avec le professeur Marc Paccalin, nouveau doyen de la facult\u00e9 de m\u00e9decine et de pharmacie de Poitiers - Fonds Ali\u00e9nor","og_description":"Le professeur Marc Paccalin a pris ses fonctions de doyen de la facult\u00e9 de m\u00e9decine et pharmacie de Poitiers en pleine crise \u00e9pid\u00e9mique. Dans ce contexte, il est devenu administrateur de droit du conseil d&#8217;administration du fonds Ali\u00e9nor, succ\u00e9dant au Pr Pascal Roblot \u00e0 ce titre. Il travaille en \u00e9quipe \u00e0 la mise en \u0153uvre [&hellip;]","og_url":"https:\/\/www.fonds-alienor.fr\/entretien-avec-le-professeur-marc-paccalin-nouveau-doyen-de-la-faculte-de-medecine-et-de-pharmacie-de-poitiers\/","og_site_name":"Fonds Ali\u00e9nor","article_publisher":"https:\/\/www.facebook.com\/chudepoitiers","article_published_time":"2020-08-27T13:33:57+00:00","article_modified_time":"2021-04-20T15:04:30+00:00","og_image":[{"width":1981,"height":1321,"url":"https:\/\/www.fonds-alienor.fr\/wp-content\/uploads\/2020\/08\/paccalin_marc.jpg","type":"image\/jpeg"}],"author":"Communication CHU","twitter_card":"summary_large_image","twitter_creator":"@CHU_de_Poitiers","twitter_site":"@CHU_de_Poitiers","twitter_misc":{"Written by":"Communication CHU","Est. reading time":"7 minutes"},"schema":{"@context":"https:\/\/schema.org","@graph":[{"@type":"Article","@id":"https:\/\/www.fonds-alienor.fr\/entretien-avec-le-professeur-marc-paccalin-nouveau-doyen-de-la-faculte-de-medecine-et-de-pharmacie-de-poitiers\/#article","isPartOf":{"@id":"https:\/\/www.fonds-alienor.fr\/entretien-avec-le-professeur-marc-paccalin-nouveau-doyen-de-la-faculte-de-medecine-et-de-pharmacie-de-poitiers\/"},"author":{"name":"Communication CHU","@id":"https:\/\/www.fonds-alienor.fr\/en\/#\/schema\/person\/dfcb6f976a0035c0d28ef0ec1162497d"},"headline":"Entretien avec le professeur Marc Paccalin, nouveau doyen de la facult\u00e9 de m\u00e9decine et de pharmacie de Poitiers","datePublished":"2020-08-27T13:33:57+00:00","dateModified":"2021-04-20T15:04:30+00:00","mainEntityOfPage":{"@id":"https:\/\/www.fonds-alienor.fr\/entretien-avec-le-professeur-marc-paccalin-nouveau-doyen-de-la-faculte-de-medecine-et-de-pharmacie-de-poitiers\/"},"wordCount":1417,"publisher":{"@id":"https:\/\/www.fonds-alienor.fr\/en\/#organization"},"image":{"@id":"https:\/\/www.fonds-alienor.fr\/entretien-avec-le-professeur-marc-paccalin-nouveau-doyen-de-la-faculte-de-medecine-et-de-pharmacie-de-poitiers\/#primaryimage"},"thumbnailUrl":"https:\/\/www.fonds-alienor.fr\/wp-content\/uploads\/2020\/08\/paccalin_marc.jpg","articleSection":["Non class\u00e9"],"inLanguage":"en-US"},{"@type":"WebPage","@id":"https:\/\/www.fonds-alienor.fr\/entretien-avec-le-professeur-marc-paccalin-nouveau-doyen-de-la-faculte-de-medecine-et-de-pharmacie-de-poitiers\/","url":"https:\/\/www.fonds-alienor.fr\/entretien-avec-le-professeur-marc-paccalin-nouveau-doyen-de-la-faculte-de-medecine-et-de-pharmacie-de-poitiers\/","name":"Entretien avec le professeur Marc Paccalin, nouveau doyen de la facult\u00e9 de m\u00e9decine et de pharmacie de Poitiers - Fonds Ali\u00e9nor","isPartOf":{"@id":"https:\/\/www.fonds-alienor.fr\/en\/#website"},"primaryImageOfPage":{"@id":"https:\/\/www.fonds-alienor.fr\/entretien-avec-le-professeur-marc-paccalin-nouveau-doyen-de-la-faculte-de-medecine-et-de-pharmacie-de-poitiers\/#primaryimage"},"image":{"@id":"https:\/\/www.fonds-alienor.fr\/entretien-avec-le-professeur-marc-paccalin-nouveau-doyen-de-la-faculte-de-medecine-et-de-pharmacie-de-poitiers\/#primaryimage"},"thumbnailUrl":"https:\/\/www.fonds-alienor.fr\/wp-content\/uploads\/2020\/08\/paccalin_marc.jpg","datePublished":"2020-08-27T13:33:57+00:00","dateModified":"2021-04-20T15:04:30+00:00","breadcrumb":{"@id":"https:\/\/www.fonds-alienor.fr\/entretien-avec-le-professeur-marc-paccalin-nouveau-doyen-de-la-faculte-de-medecine-et-de-pharmacie-de-poitiers\/#breadcrumb"},"inLanguage":"en-US","potentialAction":[{"@type":"ReadAction","target":["https:\/\/www.fonds-alienor.fr\/entretien-avec-le-professeur-marc-paccalin-nouveau-doyen-de-la-faculte-de-medecine-et-de-pharmacie-de-poitiers\/"]}]},{"@type":"ImageObject","inLanguage":"en-US","@id":"https:\/\/www.fonds-alienor.fr\/entretien-avec-le-professeur-marc-paccalin-nouveau-doyen-de-la-faculte-de-medecine-et-de-pharmacie-de-poitiers\/#primaryimage","url":"https:\/\/www.fonds-alienor.fr\/wp-content\/uploads\/2020\/08\/paccalin_marc.jpg","contentUrl":"https:\/\/www.fonds-alienor.fr\/wp-content\/uploads\/2020\/08\/paccalin_marc.jpg","width":1981,"height":1321},{"@type":"BreadcrumbList","@id":"https:\/\/www.fonds-alienor.fr\/entretien-avec-le-professeur-marc-paccalin-nouveau-doyen-de-la-faculte-de-medecine-et-de-pharmacie-de-poitiers\/#breadcrumb","itemListElement":[{"@type":"ListItem","position":1,"name":"Accueil","item":"https:\/\/www.fonds-alienor.fr\/en\/"},{"@type":"ListItem","position":2,"name":"Entretien avec le professeur Marc Paccalin, nouveau doyen de la facult\u00e9 de m\u00e9decine et de pharmacie de Poitiers"}]},{"@type":"WebSite","@id":"https:\/\/www.fonds-alienor.fr\/en\/#website","url":"https:\/\/www.fonds-alienor.fr\/en\/","name":"Fonds Ali\u00e9nor","description":"Emmenons la recherche m\u00e9dicale","publisher":{"@id":"https:\/\/www.fonds-alienor.fr\/en\/#organization"},"potentialAction":[{"@type":"SearchAction","target":{"@type":"EntryPoint","urlTemplate":"https:\/\/www.fonds-alienor.fr\/en\/?s={search_term_string}"},"query-input":{"@type":"PropertyValueSpecification","valueRequired":true,"valueName":"search_term_string"}}],"inLanguage":"en-US"},{"@type":"Organization","@id":"https:\/\/www.fonds-alienor.fr\/en\/#organization","name":"Fonds Ali\u00e9nor du CHU de Poitiers","url":"https:\/\/www.fonds-alienor.fr\/en\/","logo":{"@type":"ImageObject","inLanguage":"en-US","@id":"https:\/\/www.fonds-alienor.fr\/en\/#\/schema\/logo\/image\/","url":"https:\/\/www.fonds-alienor.fr\/wp-content\/uploads\/2025\/10\/logo_114px.png","contentUrl":"https:\/\/www.fonds-alienor.fr\/wp-content\/uploads\/2025\/10\/logo_114px.png","width":114,"height":114,"caption":"Fonds Ali\u00e9nor du CHU de Poitiers"},"image":{"@id":"https:\/\/www.fonds-alienor.fr\/en\/#\/schema\/logo\/image\/"},"sameAs":["https:\/\/www.facebook.com\/chudepoitiers","https:\/\/x.com\/CHU_de_Poitiers","https:\/\/www.linkedin.com\/company\/chu-poitiers?trk=company_logo","https:\/\/www.youtube.com\/channel\/UCPpTSqyLsR5a-hXJA7zZ6cA"]},{"@type":"Person","@id":"https:\/\/www.fonds-alienor.fr\/en\/#\/schema\/person\/dfcb6f976a0035c0d28ef0ec1162497d","name":"Communication CHU","image":{"@type":"ImageObject","inLanguage":"en-US","@id":"https:\/\/secure.gravatar.com\/avatar\/e8241b1c4008757b3d6534121ad6d468fe3328c0ca9477a2023015afad018635?s=96&d=mm&r=g","url":"https:\/\/secure.gravatar.com\/avatar\/e8241b1c4008757b3d6534121ad6d468fe3328c0ca9477a2023015afad018635?s=96&d=mm&r=g","contentUrl":"https:\/\/secure.gravatar.com\/avatar\/e8241b1c4008757b3d6534121ad6d468fe3328c0ca9477a2023015afad018635?s=96&d=mm&r=g","caption":"Communication CHU"},"url":"https:\/\/www.fonds-alienor.fr\/en\/"}]}},"_links":{"self":[{"href":"https:\/\/www.fonds-alienor.fr\/en\/wp-json\/wp\/v2\/posts\/2378","targetHints":{"allow":["GET"]}}],"collection":[{"href":"https:\/\/www.fonds-alienor.fr\/en\/wp-json\/wp\/v2\/posts"}],"about":[{"href":"https:\/\/www.fonds-alienor.fr\/en\/wp-json\/wp\/v2\/types\/post"}],"author":[{"embeddable":true,"href":"https:\/\/www.fonds-alienor.fr\/en\/wp-json\/wp\/v2\/users\/13"}],"replies":[{"embeddable":true,"href":"https:\/\/www.fonds-alienor.fr\/en\/wp-json\/wp\/v2\/comments?post=2378"}],"version-history":[{"count":3,"href":"https:\/\/www.fonds-alienor.fr\/en\/wp-json\/wp\/v2\/posts\/2378\/revisions"}],"predecessor-version":[{"id":2795,"href":"https:\/\/www.fonds-alienor.fr\/en\/wp-json\/wp\/v2\/posts\/2378\/revisions\/2795"}],"wp:featuredmedia":[{"embeddable":true,"href":"https:\/\/www.fonds-alienor.fr\/en\/wp-json\/wp\/v2\/media\/2380"}],"wp:attachment":[{"href":"https:\/\/www.fonds-alienor.fr\/en\/wp-json\/wp\/v2\/media?parent=2378"}],"wp:term":[{"taxonomy":"category","embeddable":true,"href":"https:\/\/www.fonds-alienor.fr\/en\/wp-json\/wp\/v2\/categories?post=2378"},{"taxonomy":"post_tag","embeddable":true,"href":"https:\/\/www.fonds-alienor.fr\/en\/wp-json\/wp\/v2\/tags?post=2378"}],"curies":[{"name":"wp","href":"https:\/\/api.w.org\/{rel}","templated":true}]}}