{"id":5284,"date":"2021-11-26T13:11:23","date_gmt":"2021-11-26T12:11:23","guid":{"rendered":"https:\/\/www.fonds-alienor.fr\/?p=5284"},"modified":"2021-12-07T14:34:41","modified_gmt":"2021-12-07T13:34:41","slug":"un-don-pour-du-bien-etre-en-cancerologie-pour-octobre-rose","status":"publish","type":"post","link":"https:\/\/www.fonds-alienor.fr\/en\/un-don-pour-du-bien-etre-en-cancerologie-pour-octobre-rose\/","title":{"rendered":"Octobre Rose : un don pour du bien-\u00eatre en canc\u00e9rologie"},"content":{"rendered":"<p>Jeudi dernier, 25 novembre, Christophe Petrynka, directeur g\u00e9n\u00e9ral de la soci\u00e9t\u00e9 CESVI France, bas\u00e9e \u00e0 Jaunay-Marigny dans la Vienne et comptant pr\u00e8s d\u2019une trentaine de salari\u00e9s, a remis un don de 2 000 euros au fonds Ali\u00e9nor. Il \u00e9tait accompagn\u00e9 de C\u00e9line Saint Gal, responsable p\u00f4les formations\/publications, et Anne-Laure Maniago, charg\u00e9e de communication.<\/p>\n<p>Cette somme a permis de financer des ateliers de massage shiatsu, tout le mois d\u2019octobre, dans le cadre de l\u2019\u00e9dition d\u2019Octobre Rose 2021.<\/p>\n<p>Ce soutien a permis de proposer un moment de d\u00e9tente aux patientes pendant tout le mois d\u2019octobre. Plus de 75 patientes et professionnels du p\u00f4le r\u00e9gional de canc\u00e9rologie ont ainsi b\u00e9n\u00e9fici\u00e9 de massages relaxants avant leur consultation ou leur chimioth\u00e9rapie et ce, gr\u00e2ce \u00e0 cette g\u00e9n\u00e9rosit\u00e9. Ces s\u00e9ances de d\u00e9tente ont \u00e9t\u00e9 dispens\u00e9es par deux praticiennes sp\u00e9cialistes du shiatsu, Anne-Sofie Laidain et Victoire Darsie.<\/p>\n<p>Le fonds Ali\u00e9nor leur adresse tous ses remerciements pour cette action de g\u00e9n\u00e9rosit\u00e9.<\/p>\n<p><img decoding=\"async\" class=\"aligncenter wp-image-5299\" src=\"https:\/\/www.fonds-alienor.fr\/wp-content\/uploads\/2021\/11\/IMG_1108-1.jpg\" alt=\"\" width=\"400\" height=\"300\" \/><\/p>\n<p style=\"text-align: center;\"><em>De gauche \u00e0 droite\u00a0: Christophe Petrynka, Christelle Mamodaly, Alexandre Garcia, C\u00e9line Saint Gal, <\/em><br \/>\n<em>Victoire Darsie, Anne-Sofie Laidain, Alain Lamy, St\u00e9phanie Ellias, St\u00e9phan Maret<\/em><\/p>\n<p>&nbsp;<\/p>\n<p><img decoding=\"async\" class=\"size-full wp-image-5314 aligncenter\" src=\"https:\/\/www.fonds-alienor.fr\/wp-content\/uploads\/2021\/11\/Shiatsu-1.jpg\" alt=\"\" width=\"1138\" height=\"784\" \/><\/p>\n","protected":false},"excerpt":{"rendered":"<p>Jeudi dernier, 25 novembre, Christophe Petrynka, directeur g\u00e9n\u00e9ral de la soci\u00e9t\u00e9 CESVI France, bas\u00e9e \u00e0 Jaunay-Marigny dans la Vienne et comptant pr\u00e8s d\u2019une trentaine de salari\u00e9s, a remis un don de 2 000 euros au fonds Ali\u00e9nor. Il \u00e9tait accompagn\u00e9 de C\u00e9line Saint Gal, responsable p\u00f4les formations\/publications, et Anne-Laure Maniago, charg\u00e9e de communication. Cette somme [&hellip;]<\/p>\n","protected":false},"author":13,"featured_media":5287,"comment_status":"closed","ping_status":"closed","sticky":false,"template":"","format":"standard","meta":{"footnotes":""},"categories":[36],"tags":[],"class_list":["post-5284","post","type-post","status-publish","format-standard","has-post-thumbnail","hentry","category-non-classifiee"],"yoast_head":"<!-- This site is optimized with the Yoast SEO plugin v27.3 - https:\/\/yoast.com\/product\/yoast-seo-wordpress\/ -->\n<title>Octobre Rose : un don pour du bien-\u00eatre en canc\u00e9rologie - Fonds Ali\u00e9nor<\/title>\n<meta name=\"robots\" content=\"index, follow, max-snippet:-1, max-image-preview:large, max-video-preview:-1\" \/>\n<link rel=\"canonical\" href=\"https:\/\/www.fonds-alienor.fr\/un-don-pour-du-bien-etre-en-cancerologie-pour-octobre-rose\/\" \/>\n<meta property=\"og:locale\" content=\"en_US\" \/>\n<meta property=\"og:type\" content=\"article\" \/>\n<meta property=\"og:title\" content=\"Octobre Rose : un don pour du bien-\u00eatre en canc\u00e9rologie - Fonds Ali\u00e9nor\" \/>\n<meta property=\"og:description\" content=\"Jeudi dernier, 25 novembre, Christophe Petrynka, directeur g\u00e9n\u00e9ral de la soci\u00e9t\u00e9 CESVI France, bas\u00e9e \u00e0 Jaunay-Marigny dans la Vienne et comptant pr\u00e8s d\u2019une trentaine de salari\u00e9s, a remis un don de 2 000 euros au fonds Ali\u00e9nor. Il \u00e9tait accompagn\u00e9 de C\u00e9line Saint Gal, responsable p\u00f4les formations\/publications, et Anne-Laure Maniago, charg\u00e9e de communication. Cette somme [&hellip;]\" \/>\n<meta property=\"og:url\" content=\"https:\/\/www.fonds-alienor.fr\/un-don-pour-du-bien-etre-en-cancerologie-pour-octobre-rose\/\" \/>\n<meta property=\"og:site_name\" content=\"Fonds Ali\u00e9nor\" \/>\n<meta property=\"article:publisher\" content=\"https:\/\/www.facebook.com\/chudepoitiers\" \/>\n<meta property=\"article:published_time\" content=\"2021-11-26T12:11:23+00:00\" \/>\n<meta property=\"article:modified_time\" content=\"2021-12-07T13:34:41+00:00\" \/>\n<meta property=\"og:image\" content=\"https:\/\/www.fonds-alienor.fr\/wp-content\/uploads\/2021\/11\/IMG_1108.jpg\" \/>\n\t<meta property=\"og:image:width\" content=\"640\" \/>\n\t<meta property=\"og:image:height\" content=\"480\" \/>\n\t<meta property=\"og:image:type\" content=\"image\/jpeg\" \/>\n<meta name=\"author\" content=\"Communication CHU\" \/>\n<meta name=\"twitter:card\" content=\"summary_large_image\" \/>\n<meta name=\"twitter:creator\" content=\"@CHU_de_Poitiers\" \/>\n<meta name=\"twitter:site\" content=\"@CHU_de_Poitiers\" \/>\n<meta name=\"twitter:label1\" content=\"Written by\" \/>\n\t<meta name=\"twitter:data1\" content=\"Communication CHU\" \/>\n\t<meta name=\"twitter:label2\" content=\"Est. reading time\" \/>\n\t<meta name=\"twitter:data2\" content=\"2 minutes\" \/>\n<script type=\"application\/ld+json\" class=\"yoast-schema-graph\">{\"@context\":\"https:\\\/\\\/schema.org\",\"@graph\":[{\"@type\":\"Article\",\"@id\":\"https:\\\/\\\/www.fonds-alienor.fr\\\/un-don-pour-du-bien-etre-en-cancerologie-pour-octobre-rose\\\/#article\",\"isPartOf\":{\"@id\":\"https:\\\/\\\/www.fonds-alienor.fr\\\/un-don-pour-du-bien-etre-en-cancerologie-pour-octobre-rose\\\/\"},\"author\":{\"name\":\"Communication CHU\",\"@id\":\"https:\\\/\\\/www.fonds-alienor.fr\\\/en\\\/#\\\/schema\\\/person\\\/dfcb6f976a0035c0d28ef0ec1162497d\"},\"headline\":\"Octobre Rose : un don pour du bien-\u00eatre en canc\u00e9rologie\",\"datePublished\":\"2021-11-26T12:11:23+00:00\",\"dateModified\":\"2021-12-07T13:34:41+00:00\",\"mainEntityOfPage\":{\"@id\":\"https:\\\/\\\/www.fonds-alienor.fr\\\/un-don-pour-du-bien-etre-en-cancerologie-pour-octobre-rose\\\/\"},\"wordCount\":216,\"publisher\":{\"@id\":\"https:\\\/\\\/www.fonds-alienor.fr\\\/en\\\/#organization\"},\"image\":{\"@id\":\"https:\\\/\\\/www.fonds-alienor.fr\\\/un-don-pour-du-bien-etre-en-cancerologie-pour-octobre-rose\\\/#primaryimage\"},\"thumbnailUrl\":\"https:\\\/\\\/www.fonds-alienor.fr\\\/wp-content\\\/uploads\\\/2021\\\/11\\\/IMG_1108.jpg\",\"articleSection\":[\"Non classifi\u00e9(e)\"],\"inLanguage\":\"en-US\"},{\"@type\":\"WebPage\",\"@id\":\"https:\\\/\\\/www.fonds-alienor.fr\\\/un-don-pour-du-bien-etre-en-cancerologie-pour-octobre-rose\\\/\",\"url\":\"https:\\\/\\\/www.fonds-alienor.fr\\\/un-don-pour-du-bien-etre-en-cancerologie-pour-octobre-rose\\\/\",\"name\":\"Octobre Rose : un don pour du bien-\u00eatre en canc\u00e9rologie - Fonds Ali\u00e9nor\",\"isPartOf\":{\"@id\":\"https:\\\/\\\/www.fonds-alienor.fr\\\/en\\\/#website\"},\"primaryImageOfPage\":{\"@id\":\"https:\\\/\\\/www.fonds-alienor.fr\\\/un-don-pour-du-bien-etre-en-cancerologie-pour-octobre-rose\\\/#primaryimage\"},\"image\":{\"@id\":\"https:\\\/\\\/www.fonds-alienor.fr\\\/un-don-pour-du-bien-etre-en-cancerologie-pour-octobre-rose\\\/#primaryimage\"},\"thumbnailUrl\":\"https:\\\/\\\/www.fonds-alienor.fr\\\/wp-content\\\/uploads\\\/2021\\\/11\\\/IMG_1108.jpg\",\"datePublished\":\"2021-11-26T12:11:23+00:00\",\"dateModified\":\"2021-12-07T13:34:41+00:00\",\"breadcrumb\":{\"@id\":\"https:\\\/\\\/www.fonds-alienor.fr\\\/un-don-pour-du-bien-etre-en-cancerologie-pour-octobre-rose\\\/#breadcrumb\"},\"inLanguage\":\"en-US\",\"potentialAction\":[{\"@type\":\"ReadAction\",\"target\":[\"https:\\\/\\\/www.fonds-alienor.fr\\\/un-don-pour-du-bien-etre-en-cancerologie-pour-octobre-rose\\\/\"]}]},{\"@type\":\"ImageObject\",\"inLanguage\":\"en-US\",\"@id\":\"https:\\\/\\\/www.fonds-alienor.fr\\\/un-don-pour-du-bien-etre-en-cancerologie-pour-octobre-rose\\\/#primaryimage\",\"url\":\"https:\\\/\\\/www.fonds-alienor.fr\\\/wp-content\\\/uploads\\\/2021\\\/11\\\/IMG_1108.jpg\",\"contentUrl\":\"https:\\\/\\\/www.fonds-alienor.fr\\\/wp-content\\\/uploads\\\/2021\\\/11\\\/IMG_1108.jpg\",\"width\":4032,\"height\":3024},{\"@type\":\"BreadcrumbList\",\"@id\":\"https:\\\/\\\/www.fonds-alienor.fr\\\/un-don-pour-du-bien-etre-en-cancerologie-pour-octobre-rose\\\/#breadcrumb\",\"itemListElement\":[{\"@type\":\"ListItem\",\"position\":1,\"name\":\"Accueil\",\"item\":\"https:\\\/\\\/www.fonds-alienor.fr\\\/en\\\/\"},{\"@type\":\"ListItem\",\"position\":2,\"name\":\"Octobre Rose : un don pour du bien-\u00eatre en canc\u00e9rologie\"}]},{\"@type\":\"WebSite\",\"@id\":\"https:\\\/\\\/www.fonds-alienor.fr\\\/en\\\/#website\",\"url\":\"https:\\\/\\\/www.fonds-alienor.fr\\\/en\\\/\",\"name\":\"Fonds Ali\u00e9nor\",\"description\":\"Emmenons la recherche m\u00e9dicale\",\"publisher\":{\"@id\":\"https:\\\/\\\/www.fonds-alienor.fr\\\/en\\\/#organization\"},\"potentialAction\":[{\"@type\":\"SearchAction\",\"target\":{\"@type\":\"EntryPoint\",\"urlTemplate\":\"https:\\\/\\\/www.fonds-alienor.fr\\\/en\\\/?s={search_term_string}\"},\"query-input\":{\"@type\":\"PropertyValueSpecification\",\"valueRequired\":true,\"valueName\":\"search_term_string\"}}],\"inLanguage\":\"en-US\"},{\"@type\":\"Organization\",\"@id\":\"https:\\\/\\\/www.fonds-alienor.fr\\\/en\\\/#organization\",\"name\":\"Fonds Ali\u00e9nor du CHU de Poitiers\",\"url\":\"https:\\\/\\\/www.fonds-alienor.fr\\\/en\\\/\",\"logo\":{\"@type\":\"ImageObject\",\"inLanguage\":\"en-US\",\"@id\":\"https:\\\/\\\/www.fonds-alienor.fr\\\/en\\\/#\\\/schema\\\/logo\\\/image\\\/\",\"url\":\"https:\\\/\\\/www.fonds-alienor.fr\\\/wp-content\\\/uploads\\\/2025\\\/10\\\/logo_114px.png\",\"contentUrl\":\"https:\\\/\\\/www.fonds-alienor.fr\\\/wp-content\\\/uploads\\\/2025\\\/10\\\/logo_114px.png\",\"width\":114,\"height\":114,\"caption\":\"Fonds Ali\u00e9nor du CHU de Poitiers\"},\"image\":{\"@id\":\"https:\\\/\\\/www.fonds-alienor.fr\\\/en\\\/#\\\/schema\\\/logo\\\/image\\\/\"},\"sameAs\":[\"https:\\\/\\\/www.facebook.com\\\/chudepoitiers\",\"https:\\\/\\\/x.com\\\/CHU_de_Poitiers\",\"https:\\\/\\\/www.linkedin.com\\\/company\\\/chu-poitiers?trk=company_logo\",\"https:\\\/\\\/www.youtube.com\\\/channel\\\/UCPpTSqyLsR5a-hXJA7zZ6cA\"]},{\"@type\":\"Person\",\"@id\":\"https:\\\/\\\/www.fonds-alienor.fr\\\/en\\\/#\\\/schema\\\/person\\\/dfcb6f976a0035c0d28ef0ec1162497d\",\"name\":\"Communication CHU\",\"image\":{\"@type\":\"ImageObject\",\"inLanguage\":\"en-US\",\"@id\":\"https:\\\/\\\/secure.gravatar.com\\\/avatar\\\/e8241b1c4008757b3d6534121ad6d468fe3328c0ca9477a2023015afad018635?s=96&d=mm&r=g\",\"url\":\"https:\\\/\\\/secure.gravatar.com\\\/avatar\\\/e8241b1c4008757b3d6534121ad6d468fe3328c0ca9477a2023015afad018635?s=96&d=mm&r=g\",\"contentUrl\":\"https:\\\/\\\/secure.gravatar.com\\\/avatar\\\/e8241b1c4008757b3d6534121ad6d468fe3328c0ca9477a2023015afad018635?s=96&d=mm&r=g\",\"caption\":\"Communication CHU\"},\"url\":\"https:\\\/\\\/www.fonds-alienor.fr\\\/en\\\/\"}]}<\/script>\n<!-- \/ Yoast SEO plugin. -->","yoast_head_json":{"title":"Octobre Rose : un don pour du bien-\u00eatre en canc\u00e9rologie - Fonds Ali\u00e9nor","robots":{"index":"index","follow":"follow","max-snippet":"max-snippet:-1","max-image-preview":"max-image-preview:large","max-video-preview":"max-video-preview:-1"},"canonical":"https:\/\/www.fonds-alienor.fr\/un-don-pour-du-bien-etre-en-cancerologie-pour-octobre-rose\/","og_locale":"en_US","og_type":"article","og_title":"Octobre Rose : un don pour du bien-\u00eatre en canc\u00e9rologie - Fonds Ali\u00e9nor","og_description":"Jeudi dernier, 25 novembre, Christophe Petrynka, directeur g\u00e9n\u00e9ral de la soci\u00e9t\u00e9 CESVI France, bas\u00e9e \u00e0 Jaunay-Marigny dans la Vienne et comptant pr\u00e8s d\u2019une trentaine de salari\u00e9s, a remis un don de 2 000 euros au fonds Ali\u00e9nor. Il \u00e9tait accompagn\u00e9 de C\u00e9line Saint Gal, responsable p\u00f4les formations\/publications, et Anne-Laure Maniago, charg\u00e9e de communication. Cette somme [&hellip;]","og_url":"https:\/\/www.fonds-alienor.fr\/un-don-pour-du-bien-etre-en-cancerologie-pour-octobre-rose\/","og_site_name":"Fonds Ali\u00e9nor","article_publisher":"https:\/\/www.facebook.com\/chudepoitiers","article_published_time":"2021-11-26T12:11:23+00:00","article_modified_time":"2021-12-07T13:34:41+00:00","og_image":[{"url":"https:\/\/www.fonds-alienor.fr\/wp-content\/uploads\/2021\/11\/IMG_1108.jpg","width":640,"height":480,"type":"image\/jpeg"}],"author":"Communication CHU","twitter_card":"summary_large_image","twitter_creator":"@CHU_de_Poitiers","twitter_site":"@CHU_de_Poitiers","twitter_misc":{"Written by":"Communication CHU","Est. reading time":"2 minutes"},"schema":{"@context":"https:\/\/schema.org","@graph":[{"@type":"Article","@id":"https:\/\/www.fonds-alienor.fr\/un-don-pour-du-bien-etre-en-cancerologie-pour-octobre-rose\/#article","isPartOf":{"@id":"https:\/\/www.fonds-alienor.fr\/un-don-pour-du-bien-etre-en-cancerologie-pour-octobre-rose\/"},"author":{"name":"Communication CHU","@id":"https:\/\/www.fonds-alienor.fr\/en\/#\/schema\/person\/dfcb6f976a0035c0d28ef0ec1162497d"},"headline":"Octobre Rose : un don pour du bien-\u00eatre en canc\u00e9rologie","datePublished":"2021-11-26T12:11:23+00:00","dateModified":"2021-12-07T13:34:41+00:00","mainEntityOfPage":{"@id":"https:\/\/www.fonds-alienor.fr\/un-don-pour-du-bien-etre-en-cancerologie-pour-octobre-rose\/"},"wordCount":216,"publisher":{"@id":"https:\/\/www.fonds-alienor.fr\/en\/#organization"},"image":{"@id":"https:\/\/www.fonds-alienor.fr\/un-don-pour-du-bien-etre-en-cancerologie-pour-octobre-rose\/#primaryimage"},"thumbnailUrl":"https:\/\/www.fonds-alienor.fr\/wp-content\/uploads\/2021\/11\/IMG_1108.jpg","articleSection":["Non classifi\u00e9(e)"],"inLanguage":"en-US"},{"@type":"WebPage","@id":"https:\/\/www.fonds-alienor.fr\/un-don-pour-du-bien-etre-en-cancerologie-pour-octobre-rose\/","url":"https:\/\/www.fonds-alienor.fr\/un-don-pour-du-bien-etre-en-cancerologie-pour-octobre-rose\/","name":"Octobre Rose : un don pour du bien-\u00eatre en canc\u00e9rologie - Fonds Ali\u00e9nor","isPartOf":{"@id":"https:\/\/www.fonds-alienor.fr\/en\/#website"},"primaryImageOfPage":{"@id":"https:\/\/www.fonds-alienor.fr\/un-don-pour-du-bien-etre-en-cancerologie-pour-octobre-rose\/#primaryimage"},"image":{"@id":"https:\/\/www.fonds-alienor.fr\/un-don-pour-du-bien-etre-en-cancerologie-pour-octobre-rose\/#primaryimage"},"thumbnailUrl":"https:\/\/www.fonds-alienor.fr\/wp-content\/uploads\/2021\/11\/IMG_1108.jpg","datePublished":"2021-11-26T12:11:23+00:00","dateModified":"2021-12-07T13:34:41+00:00","breadcrumb":{"@id":"https:\/\/www.fonds-alienor.fr\/un-don-pour-du-bien-etre-en-cancerologie-pour-octobre-rose\/#breadcrumb"},"inLanguage":"en-US","potentialAction":[{"@type":"ReadAction","target":["https:\/\/www.fonds-alienor.fr\/un-don-pour-du-bien-etre-en-cancerologie-pour-octobre-rose\/"]}]},{"@type":"ImageObject","inLanguage":"en-US","@id":"https:\/\/www.fonds-alienor.fr\/un-don-pour-du-bien-etre-en-cancerologie-pour-octobre-rose\/#primaryimage","url":"https:\/\/www.fonds-alienor.fr\/wp-content\/uploads\/2021\/11\/IMG_1108.jpg","contentUrl":"https:\/\/www.fonds-alienor.fr\/wp-content\/uploads\/2021\/11\/IMG_1108.jpg","width":4032,"height":3024},{"@type":"BreadcrumbList","@id":"https:\/\/www.fonds-alienor.fr\/un-don-pour-du-bien-etre-en-cancerologie-pour-octobre-rose\/#breadcrumb","itemListElement":[{"@type":"ListItem","position":1,"name":"Accueil","item":"https:\/\/www.fonds-alienor.fr\/en\/"},{"@type":"ListItem","position":2,"name":"Octobre Rose : un don pour du bien-\u00eatre en canc\u00e9rologie"}]},{"@type":"WebSite","@id":"https:\/\/www.fonds-alienor.fr\/en\/#website","url":"https:\/\/www.fonds-alienor.fr\/en\/","name":"Fonds Ali\u00e9nor","description":"Emmenons la recherche m\u00e9dicale","publisher":{"@id":"https:\/\/www.fonds-alienor.fr\/en\/#organization"},"potentialAction":[{"@type":"SearchAction","target":{"@type":"EntryPoint","urlTemplate":"https:\/\/www.fonds-alienor.fr\/en\/?s={search_term_string}"},"query-input":{"@type":"PropertyValueSpecification","valueRequired":true,"valueName":"search_term_string"}}],"inLanguage":"en-US"},{"@type":"Organization","@id":"https:\/\/www.fonds-alienor.fr\/en\/#organization","name":"Fonds Ali\u00e9nor du CHU de Poitiers","url":"https:\/\/www.fonds-alienor.fr\/en\/","logo":{"@type":"ImageObject","inLanguage":"en-US","@id":"https:\/\/www.fonds-alienor.fr\/en\/#\/schema\/logo\/image\/","url":"https:\/\/www.fonds-alienor.fr\/wp-content\/uploads\/2025\/10\/logo_114px.png","contentUrl":"https:\/\/www.fonds-alienor.fr\/wp-content\/uploads\/2025\/10\/logo_114px.png","width":114,"height":114,"caption":"Fonds Ali\u00e9nor du CHU de Poitiers"},"image":{"@id":"https:\/\/www.fonds-alienor.fr\/en\/#\/schema\/logo\/image\/"},"sameAs":["https:\/\/www.facebook.com\/chudepoitiers","https:\/\/x.com\/CHU_de_Poitiers","https:\/\/www.linkedin.com\/company\/chu-poitiers?trk=company_logo","https:\/\/www.youtube.com\/channel\/UCPpTSqyLsR5a-hXJA7zZ6cA"]},{"@type":"Person","@id":"https:\/\/www.fonds-alienor.fr\/en\/#\/schema\/person\/dfcb6f976a0035c0d28ef0ec1162497d","name":"Communication CHU","image":{"@type":"ImageObject","inLanguage":"en-US","@id":"https:\/\/secure.gravatar.com\/avatar\/e8241b1c4008757b3d6534121ad6d468fe3328c0ca9477a2023015afad018635?s=96&d=mm&r=g","url":"https:\/\/secure.gravatar.com\/avatar\/e8241b1c4008757b3d6534121ad6d468fe3328c0ca9477a2023015afad018635?s=96&d=mm&r=g","contentUrl":"https:\/\/secure.gravatar.com\/avatar\/e8241b1c4008757b3d6534121ad6d468fe3328c0ca9477a2023015afad018635?s=96&d=mm&r=g","caption":"Communication CHU"},"url":"https:\/\/www.fonds-alienor.fr\/en\/"}]}},"_links":{"self":[{"href":"https:\/\/www.fonds-alienor.fr\/en\/wp-json\/wp\/v2\/posts\/5284","targetHints":{"allow":["GET"]}}],"collection":[{"href":"https:\/\/www.fonds-alienor.fr\/en\/wp-json\/wp\/v2\/posts"}],"about":[{"href":"https:\/\/www.fonds-alienor.fr\/en\/wp-json\/wp\/v2\/types\/post"}],"author":[{"embeddable":true,"href":"https:\/\/www.fonds-alienor.fr\/en\/wp-json\/wp\/v2\/users\/13"}],"replies":[{"embeddable":true,"href":"https:\/\/www.fonds-alienor.fr\/en\/wp-json\/wp\/v2\/comments?post=5284"}],"version-history":[{"count":7,"href":"https:\/\/www.fonds-alienor.fr\/en\/wp-json\/wp\/v2\/posts\/5284\/revisions"}],"predecessor-version":[{"id":5437,"href":"https:\/\/www.fonds-alienor.fr\/en\/wp-json\/wp\/v2\/posts\/5284\/revisions\/5437"}],"wp:featuredmedia":[{"embeddable":true,"href":"https:\/\/www.fonds-alienor.fr\/en\/wp-json\/wp\/v2\/media\/5287"}],"wp:attachment":[{"href":"https:\/\/www.fonds-alienor.fr\/en\/wp-json\/wp\/v2\/media?parent=5284"}],"wp:term":[{"taxonomy":"category","embeddable":true,"href":"https:\/\/www.fonds-alienor.fr\/en\/wp-json\/wp\/v2\/categories?post=5284"},{"taxonomy":"post_tag","embeddable":true,"href":"https:\/\/www.fonds-alienor.fr\/en\/wp-json\/wp\/v2\/tags?post=5284"}],"curies":[{"name":"wp","href":"https:\/\/api.w.org\/{rel}","templated":true}]}}