{"id":5825,"date":"2022-09-08T14:35:53","date_gmt":"2022-09-08T12:35:53","guid":{"rendered":"https:\/\/www.fonds-alienor.fr\/?p=5825"},"modified":"2022-09-15T10:44:36","modified_gmt":"2022-09-15T08:44:36","slug":"florence-potrel-administratrice-du-fonds-alienor","status":"publish","type":"post","link":"https:\/\/www.fonds-alienor.fr\/en\/florence-potrel-administratrice-du-fonds-alienor\/","title":{"rendered":"Florence POTREL, administratrice du fonds Ali\u00e9nor"},"content":{"rendered":"<p>C\u2019est une personne dynamique et curieuse\u00a0; curieuse de ce qui l\u2019entoure, curieuse de s\u2019enrichir chaque jour, de nouvelles connaissances et de nouveaux apprentissages\u00a0! Avec cette joie de vivre et son grand sourire, Florence Potrel, nouvelle administratrice du fonds Ali\u00e9nor, nous explique son parcours professionnel et ses raisons d\u2019int\u00e9grer le conseil d\u2019administration du fonds de dotation.<\/p>\n<p>Poitevine de naissance, mari\u00e9e, deux enfants, Florence Potrel a cr\u00e9\u00e9 son entreprise il y a plus de dix ans, la soci\u00e9t\u00e9 FLORESO, un organisme de formation pour les entreprises mais aussi pour les particuliers en utilisant la technique du \u00ab\u00a0Mind Mapping \u00bb.<\/p>\n<p>Le Mind Mapping, qu\u2019est-ce que c\u2019est\u00a0? Florence le d\u00e9finit tr\u00e8s bien\u00a0:\u00a0\u00ab\u00a0<em>C\u2019est une m\u00e9thode de travail pratique et rapide qui aide \u00e0 mieux visualiser et organiser ses id\u00e9es, \u00e0 les structurer visuellement pour faciliter leur analyse et leur m\u00e9morisation. Je forme avec cette m\u00e9thode car elle s\u2019adapte aussi bien aux \u00e9tudiants, aux particuliers, aux salari\u00e9s qu\u2019aux dirigeants d\u2019entreprises, dans le secteur public, priv\u00e9 ou associatif, dans le cadre de leur quotidien de travail, de l\u2019animation de r\u00e9union ou de la gestion de projet. C\u2019est la cr\u00e9ativit\u00e9, l\u2019originalit\u00e9 et c\u2019est ce que je fais tous les jours au contact des stagiaires. C\u2019est un \u00e9change constant : je leur apporte mes connaissances, en retour, ils m\u2019apportent \u00e9galement \u00e9norm\u00e9ment car je d\u00e9couvre leur m\u00e9tier et on entre, ensemble, directement dans leur champ de comp\u00e9tences\u00a0\u00bb<\/em>.<\/p>\n<p>Depuis 2010, cette cheffe d\u2019entreprise est \u00e9galement co-fondatrice et pr\u00e9sidente de l\u2019association \u00ab\u00a0Entreprendre au f\u00e9minin Vienne\u00a0\u00bb, un r\u00e9seau d\u2019entreprises 100 % f\u00e9minin avec plus d\u2019une centaine d\u2019adh\u00e9rentes. Cheffes d\u2019entreprises, salari\u00e9es, en transition de carri\u00e8re, investies dans la vie politique ou associative, Florence invite toutes les poitevines qui le souhaitent \u00e0 rejoindre son association \u00ab <em>le but est de se r\u00e9unir, de r\u00e9seauter, de se connaitre pour mieux se recommander et surtout de monter des projets, les d\u00e9velopper et s\u2019investir\u00a0!<\/em> \u00bb.<\/p>\n<p>Pourquoi avoir rejoint le fonds Ali\u00e9nor ?<\/p>\n<p>Florence Potrel, femme engag\u00e9e r\u00e9pond tout naturellement, qu\u2019elle aime d\u00e9fendre les causes. \u00ab\u00a0<em>Nous sommes tous concern\u00e9s par la recherche en sant\u00e9. En m\u2019engageant aupr\u00e8s du fonds Ali\u00e9nor, je souhaite participer aux actions men\u00e9es pour promouvoir aupr\u00e8s de mon r\u00e9seau professionnel, ce qui se fait en mati\u00e8re de recherche au CHU de Poitiers. Pr\u00e9sente sur les r\u00e9seaux sociaux, je souhaite offrir une visibilit\u00e9 des recherches effectu\u00e9es et montrer l\u2019impact des projets soutenus par le fonds Ali\u00e9nor. J\u2019esp\u00e8re que ma contribution pourra aider au mieux le travail de recherche engag\u00e9 par ces jeunes chercheurs pour aider tous les patients du CHU\u00a0<\/em>\u00bb.<\/p>\n<p>Le fonds Ali\u00e9nor remercie sa nouvelle administratrice, Florence Potrel et lui souhaite la bienvenue parmi son conseil d\u2019administration.<\/p>\n<p><img decoding=\"async\" class=\"aligncenter wp-image-5827\" src=\"https:\/\/www.fonds-alienor.fr\/wp-content\/uploads\/2022\/09\/photo-portrait-Florence-Potrel.jpg\" alt=\"\" width=\"500\" height=\"505\" \/><\/p>\n","protected":false},"excerpt":{"rendered":"<p>C\u2019est une personne dynamique et curieuse\u00a0; curieuse de ce qui l\u2019entoure, curieuse de s\u2019enrichir chaque jour, de nouvelles connaissances et de nouveaux apprentissages\u00a0! Avec cette joie de vivre et son grand sourire, Florence Potrel, nouvelle administratrice du fonds Ali\u00e9nor, nous explique son parcours professionnel et ses raisons d\u2019int\u00e9grer le conseil d\u2019administration du fonds de dotation. [&hellip;]<\/p>\n","protected":false},"author":13,"featured_media":5827,"comment_status":"closed","ping_status":"closed","sticky":false,"template":"","format":"standard","meta":{"footnotes":""},"categories":[36],"tags":[],"class_list":["post-5825","post","type-post","status-publish","format-standard","has-post-thumbnail","hentry","category-non-classifiee"],"yoast_head":"<!-- This site is optimized with the Yoast SEO plugin v27.3 - https:\/\/yoast.com\/product\/yoast-seo-wordpress\/ -->\n<title>Florence POTREL, administratrice du fonds Ali\u00e9nor - Fonds Ali\u00e9nor<\/title>\n<meta name=\"robots\" content=\"index, follow, max-snippet:-1, max-image-preview:large, max-video-preview:-1\" \/>\n<link rel=\"canonical\" href=\"https:\/\/www.fonds-alienor.fr\/florence-potrel-administratrice-du-fonds-alienor\/\" \/>\n<meta property=\"og:locale\" content=\"en_US\" \/>\n<meta property=\"og:type\" content=\"article\" \/>\n<meta property=\"og:title\" content=\"Florence POTREL, administratrice du fonds Ali\u00e9nor - Fonds Ali\u00e9nor\" \/>\n<meta property=\"og:description\" content=\"C\u2019est une personne dynamique et curieuse\u00a0; curieuse de ce qui l\u2019entoure, curieuse de s\u2019enrichir chaque jour, de nouvelles connaissances et de nouveaux apprentissages\u00a0! Avec cette joie de vivre et son grand sourire, Florence Potrel, nouvelle administratrice du fonds Ali\u00e9nor, nous explique son parcours professionnel et ses raisons d\u2019int\u00e9grer le conseil d\u2019administration du fonds de dotation. [&hellip;]\" \/>\n<meta property=\"og:url\" content=\"https:\/\/www.fonds-alienor.fr\/florence-potrel-administratrice-du-fonds-alienor\/\" \/>\n<meta property=\"og:site_name\" content=\"Fonds Ali\u00e9nor\" \/>\n<meta property=\"article:publisher\" content=\"https:\/\/www.facebook.com\/chudepoitiers\" \/>\n<meta property=\"article:published_time\" content=\"2022-09-08T12:35:53+00:00\" \/>\n<meta property=\"article:modified_time\" content=\"2022-09-15T08:44:36+00:00\" \/>\n<meta property=\"og:image\" content=\"https:\/\/www.fonds-alienor.fr\/wp-content\/uploads\/2022\/09\/photo-portrait-Florence-Potrel.jpg\" \/>\n\t<meta property=\"og:image:width\" content=\"1080\" \/>\n\t<meta property=\"og:image:height\" content=\"1090\" \/>\n\t<meta property=\"og:image:type\" content=\"image\/jpeg\" \/>\n<meta name=\"author\" content=\"Communication CHU\" \/>\n<meta name=\"twitter:card\" content=\"summary_large_image\" \/>\n<meta name=\"twitter:creator\" content=\"@CHU_de_Poitiers\" \/>\n<meta name=\"twitter:site\" content=\"@CHU_de_Poitiers\" \/>\n<meta name=\"twitter:label1\" content=\"Written by\" \/>\n\t<meta name=\"twitter:data1\" content=\"Communication CHU\" \/>\n\t<meta name=\"twitter:label2\" content=\"Est. reading time\" \/>\n\t<meta name=\"twitter:data2\" content=\"3 minutes\" \/>\n<script type=\"application\/ld+json\" class=\"yoast-schema-graph\">{\"@context\":\"https:\\\/\\\/schema.org\",\"@graph\":[{\"@type\":\"Article\",\"@id\":\"https:\\\/\\\/www.fonds-alienor.fr\\\/florence-potrel-administratrice-du-fonds-alienor\\\/#article\",\"isPartOf\":{\"@id\":\"https:\\\/\\\/www.fonds-alienor.fr\\\/florence-potrel-administratrice-du-fonds-alienor\\\/\"},\"author\":{\"name\":\"Communication CHU\",\"@id\":\"https:\\\/\\\/www.fonds-alienor.fr\\\/en\\\/#\\\/schema\\\/person\\\/dfcb6f976a0035c0d28ef0ec1162497d\"},\"headline\":\"Florence POTREL, administratrice du fonds Ali\u00e9nor\",\"datePublished\":\"2022-09-08T12:35:53+00:00\",\"dateModified\":\"2022-09-15T08:44:36+00:00\",\"mainEntityOfPage\":{\"@id\":\"https:\\\/\\\/www.fonds-alienor.fr\\\/florence-potrel-administratrice-du-fonds-alienor\\\/\"},\"wordCount\":501,\"publisher\":{\"@id\":\"https:\\\/\\\/www.fonds-alienor.fr\\\/en\\\/#organization\"},\"image\":{\"@id\":\"https:\\\/\\\/www.fonds-alienor.fr\\\/florence-potrel-administratrice-du-fonds-alienor\\\/#primaryimage\"},\"thumbnailUrl\":\"https:\\\/\\\/www.fonds-alienor.fr\\\/wp-content\\\/uploads\\\/2022\\\/09\\\/photo-portrait-Florence-Potrel.jpg\",\"articleSection\":[\"Non classifi\u00e9(e)\"],\"inLanguage\":\"en-US\"},{\"@type\":\"WebPage\",\"@id\":\"https:\\\/\\\/www.fonds-alienor.fr\\\/florence-potrel-administratrice-du-fonds-alienor\\\/\",\"url\":\"https:\\\/\\\/www.fonds-alienor.fr\\\/florence-potrel-administratrice-du-fonds-alienor\\\/\",\"name\":\"Florence POTREL, administratrice du fonds Ali\u00e9nor - Fonds Ali\u00e9nor\",\"isPartOf\":{\"@id\":\"https:\\\/\\\/www.fonds-alienor.fr\\\/en\\\/#website\"},\"primaryImageOfPage\":{\"@id\":\"https:\\\/\\\/www.fonds-alienor.fr\\\/florence-potrel-administratrice-du-fonds-alienor\\\/#primaryimage\"},\"image\":{\"@id\":\"https:\\\/\\\/www.fonds-alienor.fr\\\/florence-potrel-administratrice-du-fonds-alienor\\\/#primaryimage\"},\"thumbnailUrl\":\"https:\\\/\\\/www.fonds-alienor.fr\\\/wp-content\\\/uploads\\\/2022\\\/09\\\/photo-portrait-Florence-Potrel.jpg\",\"datePublished\":\"2022-09-08T12:35:53+00:00\",\"dateModified\":\"2022-09-15T08:44:36+00:00\",\"breadcrumb\":{\"@id\":\"https:\\\/\\\/www.fonds-alienor.fr\\\/florence-potrel-administratrice-du-fonds-alienor\\\/#breadcrumb\"},\"inLanguage\":\"en-US\",\"potentialAction\":[{\"@type\":\"ReadAction\",\"target\":[\"https:\\\/\\\/www.fonds-alienor.fr\\\/florence-potrel-administratrice-du-fonds-alienor\\\/\"]}]},{\"@type\":\"ImageObject\",\"inLanguage\":\"en-US\",\"@id\":\"https:\\\/\\\/www.fonds-alienor.fr\\\/florence-potrel-administratrice-du-fonds-alienor\\\/#primaryimage\",\"url\":\"https:\\\/\\\/www.fonds-alienor.fr\\\/wp-content\\\/uploads\\\/2022\\\/09\\\/photo-portrait-Florence-Potrel.jpg\",\"contentUrl\":\"https:\\\/\\\/www.fonds-alienor.fr\\\/wp-content\\\/uploads\\\/2022\\\/09\\\/photo-portrait-Florence-Potrel.jpg\",\"width\":1080,\"height\":1090},{\"@type\":\"BreadcrumbList\",\"@id\":\"https:\\\/\\\/www.fonds-alienor.fr\\\/florence-potrel-administratrice-du-fonds-alienor\\\/#breadcrumb\",\"itemListElement\":[{\"@type\":\"ListItem\",\"position\":1,\"name\":\"Accueil\",\"item\":\"https:\\\/\\\/www.fonds-alienor.fr\\\/en\\\/\"},{\"@type\":\"ListItem\",\"position\":2,\"name\":\"Florence POTREL, administratrice du fonds Ali\u00e9nor\"}]},{\"@type\":\"WebSite\",\"@id\":\"https:\\\/\\\/www.fonds-alienor.fr\\\/en\\\/#website\",\"url\":\"https:\\\/\\\/www.fonds-alienor.fr\\\/en\\\/\",\"name\":\"Fonds Ali\u00e9nor\",\"description\":\"Emmenons la recherche m\u00e9dicale\",\"publisher\":{\"@id\":\"https:\\\/\\\/www.fonds-alienor.fr\\\/en\\\/#organization\"},\"potentialAction\":[{\"@type\":\"SearchAction\",\"target\":{\"@type\":\"EntryPoint\",\"urlTemplate\":\"https:\\\/\\\/www.fonds-alienor.fr\\\/en\\\/?s={search_term_string}\"},\"query-input\":{\"@type\":\"PropertyValueSpecification\",\"valueRequired\":true,\"valueName\":\"search_term_string\"}}],\"inLanguage\":\"en-US\"},{\"@type\":\"Organization\",\"@id\":\"https:\\\/\\\/www.fonds-alienor.fr\\\/en\\\/#organization\",\"name\":\"Fonds Ali\u00e9nor du CHU de Poitiers\",\"url\":\"https:\\\/\\\/www.fonds-alienor.fr\\\/en\\\/\",\"logo\":{\"@type\":\"ImageObject\",\"inLanguage\":\"en-US\",\"@id\":\"https:\\\/\\\/www.fonds-alienor.fr\\\/en\\\/#\\\/schema\\\/logo\\\/image\\\/\",\"url\":\"https:\\\/\\\/www.fonds-alienor.fr\\\/wp-content\\\/uploads\\\/2025\\\/10\\\/logo_114px.png\",\"contentUrl\":\"https:\\\/\\\/www.fonds-alienor.fr\\\/wp-content\\\/uploads\\\/2025\\\/10\\\/logo_114px.png\",\"width\":114,\"height\":114,\"caption\":\"Fonds Ali\u00e9nor du CHU de Poitiers\"},\"image\":{\"@id\":\"https:\\\/\\\/www.fonds-alienor.fr\\\/en\\\/#\\\/schema\\\/logo\\\/image\\\/\"},\"sameAs\":[\"https:\\\/\\\/www.facebook.com\\\/chudepoitiers\",\"https:\\\/\\\/x.com\\\/CHU_de_Poitiers\",\"https:\\\/\\\/www.linkedin.com\\\/company\\\/chu-poitiers?trk=company_logo\",\"https:\\\/\\\/www.youtube.com\\\/channel\\\/UCPpTSqyLsR5a-hXJA7zZ6cA\"]},{\"@type\":\"Person\",\"@id\":\"https:\\\/\\\/www.fonds-alienor.fr\\\/en\\\/#\\\/schema\\\/person\\\/dfcb6f976a0035c0d28ef0ec1162497d\",\"name\":\"Communication CHU\",\"image\":{\"@type\":\"ImageObject\",\"inLanguage\":\"en-US\",\"@id\":\"https:\\\/\\\/secure.gravatar.com\\\/avatar\\\/e8241b1c4008757b3d6534121ad6d468fe3328c0ca9477a2023015afad018635?s=96&d=mm&r=g\",\"url\":\"https:\\\/\\\/secure.gravatar.com\\\/avatar\\\/e8241b1c4008757b3d6534121ad6d468fe3328c0ca9477a2023015afad018635?s=96&d=mm&r=g\",\"contentUrl\":\"https:\\\/\\\/secure.gravatar.com\\\/avatar\\\/e8241b1c4008757b3d6534121ad6d468fe3328c0ca9477a2023015afad018635?s=96&d=mm&r=g\",\"caption\":\"Communication CHU\"},\"url\":\"https:\\\/\\\/www.fonds-alienor.fr\\\/en\\\/\"}]}<\/script>\n<!-- \/ Yoast SEO plugin. -->","yoast_head_json":{"title":"Florence POTREL, administratrice du fonds Ali\u00e9nor - Fonds Ali\u00e9nor","robots":{"index":"index","follow":"follow","max-snippet":"max-snippet:-1","max-image-preview":"max-image-preview:large","max-video-preview":"max-video-preview:-1"},"canonical":"https:\/\/www.fonds-alienor.fr\/florence-potrel-administratrice-du-fonds-alienor\/","og_locale":"en_US","og_type":"article","og_title":"Florence POTREL, administratrice du fonds Ali\u00e9nor - Fonds Ali\u00e9nor","og_description":"C\u2019est une personne dynamique et curieuse\u00a0; curieuse de ce qui l\u2019entoure, curieuse de s\u2019enrichir chaque jour, de nouvelles connaissances et de nouveaux apprentissages\u00a0! Avec cette joie de vivre et son grand sourire, Florence Potrel, nouvelle administratrice du fonds Ali\u00e9nor, nous explique son parcours professionnel et ses raisons d\u2019int\u00e9grer le conseil d\u2019administration du fonds de dotation. [&hellip;]","og_url":"https:\/\/www.fonds-alienor.fr\/florence-potrel-administratrice-du-fonds-alienor\/","og_site_name":"Fonds Ali\u00e9nor","article_publisher":"https:\/\/www.facebook.com\/chudepoitiers","article_published_time":"2022-09-08T12:35:53+00:00","article_modified_time":"2022-09-15T08:44:36+00:00","og_image":[{"width":1080,"height":1090,"url":"https:\/\/www.fonds-alienor.fr\/wp-content\/uploads\/2022\/09\/photo-portrait-Florence-Potrel.jpg","type":"image\/jpeg"}],"author":"Communication CHU","twitter_card":"summary_large_image","twitter_creator":"@CHU_de_Poitiers","twitter_site":"@CHU_de_Poitiers","twitter_misc":{"Written by":"Communication CHU","Est. reading time":"3 minutes"},"schema":{"@context":"https:\/\/schema.org","@graph":[{"@type":"Article","@id":"https:\/\/www.fonds-alienor.fr\/florence-potrel-administratrice-du-fonds-alienor\/#article","isPartOf":{"@id":"https:\/\/www.fonds-alienor.fr\/florence-potrel-administratrice-du-fonds-alienor\/"},"author":{"name":"Communication CHU","@id":"https:\/\/www.fonds-alienor.fr\/en\/#\/schema\/person\/dfcb6f976a0035c0d28ef0ec1162497d"},"headline":"Florence POTREL, administratrice du fonds Ali\u00e9nor","datePublished":"2022-09-08T12:35:53+00:00","dateModified":"2022-09-15T08:44:36+00:00","mainEntityOfPage":{"@id":"https:\/\/www.fonds-alienor.fr\/florence-potrel-administratrice-du-fonds-alienor\/"},"wordCount":501,"publisher":{"@id":"https:\/\/www.fonds-alienor.fr\/en\/#organization"},"image":{"@id":"https:\/\/www.fonds-alienor.fr\/florence-potrel-administratrice-du-fonds-alienor\/#primaryimage"},"thumbnailUrl":"https:\/\/www.fonds-alienor.fr\/wp-content\/uploads\/2022\/09\/photo-portrait-Florence-Potrel.jpg","articleSection":["Non classifi\u00e9(e)"],"inLanguage":"en-US"},{"@type":"WebPage","@id":"https:\/\/www.fonds-alienor.fr\/florence-potrel-administratrice-du-fonds-alienor\/","url":"https:\/\/www.fonds-alienor.fr\/florence-potrel-administratrice-du-fonds-alienor\/","name":"Florence POTREL, administratrice du fonds Ali\u00e9nor - Fonds Ali\u00e9nor","isPartOf":{"@id":"https:\/\/www.fonds-alienor.fr\/en\/#website"},"primaryImageOfPage":{"@id":"https:\/\/www.fonds-alienor.fr\/florence-potrel-administratrice-du-fonds-alienor\/#primaryimage"},"image":{"@id":"https:\/\/www.fonds-alienor.fr\/florence-potrel-administratrice-du-fonds-alienor\/#primaryimage"},"thumbnailUrl":"https:\/\/www.fonds-alienor.fr\/wp-content\/uploads\/2022\/09\/photo-portrait-Florence-Potrel.jpg","datePublished":"2022-09-08T12:35:53+00:00","dateModified":"2022-09-15T08:44:36+00:00","breadcrumb":{"@id":"https:\/\/www.fonds-alienor.fr\/florence-potrel-administratrice-du-fonds-alienor\/#breadcrumb"},"inLanguage":"en-US","potentialAction":[{"@type":"ReadAction","target":["https:\/\/www.fonds-alienor.fr\/florence-potrel-administratrice-du-fonds-alienor\/"]}]},{"@type":"ImageObject","inLanguage":"en-US","@id":"https:\/\/www.fonds-alienor.fr\/florence-potrel-administratrice-du-fonds-alienor\/#primaryimage","url":"https:\/\/www.fonds-alienor.fr\/wp-content\/uploads\/2022\/09\/photo-portrait-Florence-Potrel.jpg","contentUrl":"https:\/\/www.fonds-alienor.fr\/wp-content\/uploads\/2022\/09\/photo-portrait-Florence-Potrel.jpg","width":1080,"height":1090},{"@type":"BreadcrumbList","@id":"https:\/\/www.fonds-alienor.fr\/florence-potrel-administratrice-du-fonds-alienor\/#breadcrumb","itemListElement":[{"@type":"ListItem","position":1,"name":"Accueil","item":"https:\/\/www.fonds-alienor.fr\/en\/"},{"@type":"ListItem","position":2,"name":"Florence POTREL, administratrice du fonds Ali\u00e9nor"}]},{"@type":"WebSite","@id":"https:\/\/www.fonds-alienor.fr\/en\/#website","url":"https:\/\/www.fonds-alienor.fr\/en\/","name":"Fonds Ali\u00e9nor","description":"Emmenons la recherche m\u00e9dicale","publisher":{"@id":"https:\/\/www.fonds-alienor.fr\/en\/#organization"},"potentialAction":[{"@type":"SearchAction","target":{"@type":"EntryPoint","urlTemplate":"https:\/\/www.fonds-alienor.fr\/en\/?s={search_term_string}"},"query-input":{"@type":"PropertyValueSpecification","valueRequired":true,"valueName":"search_term_string"}}],"inLanguage":"en-US"},{"@type":"Organization","@id":"https:\/\/www.fonds-alienor.fr\/en\/#organization","name":"Fonds Ali\u00e9nor du CHU de Poitiers","url":"https:\/\/www.fonds-alienor.fr\/en\/","logo":{"@type":"ImageObject","inLanguage":"en-US","@id":"https:\/\/www.fonds-alienor.fr\/en\/#\/schema\/logo\/image\/","url":"https:\/\/www.fonds-alienor.fr\/wp-content\/uploads\/2025\/10\/logo_114px.png","contentUrl":"https:\/\/www.fonds-alienor.fr\/wp-content\/uploads\/2025\/10\/logo_114px.png","width":114,"height":114,"caption":"Fonds Ali\u00e9nor du CHU de Poitiers"},"image":{"@id":"https:\/\/www.fonds-alienor.fr\/en\/#\/schema\/logo\/image\/"},"sameAs":["https:\/\/www.facebook.com\/chudepoitiers","https:\/\/x.com\/CHU_de_Poitiers","https:\/\/www.linkedin.com\/company\/chu-poitiers?trk=company_logo","https:\/\/www.youtube.com\/channel\/UCPpTSqyLsR5a-hXJA7zZ6cA"]},{"@type":"Person","@id":"https:\/\/www.fonds-alienor.fr\/en\/#\/schema\/person\/dfcb6f976a0035c0d28ef0ec1162497d","name":"Communication CHU","image":{"@type":"ImageObject","inLanguage":"en-US","@id":"https:\/\/secure.gravatar.com\/avatar\/e8241b1c4008757b3d6534121ad6d468fe3328c0ca9477a2023015afad018635?s=96&d=mm&r=g","url":"https:\/\/secure.gravatar.com\/avatar\/e8241b1c4008757b3d6534121ad6d468fe3328c0ca9477a2023015afad018635?s=96&d=mm&r=g","contentUrl":"https:\/\/secure.gravatar.com\/avatar\/e8241b1c4008757b3d6534121ad6d468fe3328c0ca9477a2023015afad018635?s=96&d=mm&r=g","caption":"Communication CHU"},"url":"https:\/\/www.fonds-alienor.fr\/en\/"}]}},"_links":{"self":[{"href":"https:\/\/www.fonds-alienor.fr\/en\/wp-json\/wp\/v2\/posts\/5825","targetHints":{"allow":["GET"]}}],"collection":[{"href":"https:\/\/www.fonds-alienor.fr\/en\/wp-json\/wp\/v2\/posts"}],"about":[{"href":"https:\/\/www.fonds-alienor.fr\/en\/wp-json\/wp\/v2\/types\/post"}],"author":[{"embeddable":true,"href":"https:\/\/www.fonds-alienor.fr\/en\/wp-json\/wp\/v2\/users\/13"}],"replies":[{"embeddable":true,"href":"https:\/\/www.fonds-alienor.fr\/en\/wp-json\/wp\/v2\/comments?post=5825"}],"version-history":[{"count":2,"href":"https:\/\/www.fonds-alienor.fr\/en\/wp-json\/wp\/v2\/posts\/5825\/revisions"}],"predecessor-version":[{"id":5833,"href":"https:\/\/www.fonds-alienor.fr\/en\/wp-json\/wp\/v2\/posts\/5825\/revisions\/5833"}],"wp:featuredmedia":[{"embeddable":true,"href":"https:\/\/www.fonds-alienor.fr\/en\/wp-json\/wp\/v2\/media\/5827"}],"wp:attachment":[{"href":"https:\/\/www.fonds-alienor.fr\/en\/wp-json\/wp\/v2\/media?parent=5825"}],"wp:term":[{"taxonomy":"category","embeddable":true,"href":"https:\/\/www.fonds-alienor.fr\/en\/wp-json\/wp\/v2\/categories?post=5825"},{"taxonomy":"post_tag","embeddable":true,"href":"https:\/\/www.fonds-alienor.fr\/en\/wp-json\/wp\/v2\/tags?post=5825"}],"curies":[{"name":"wp","href":"https:\/\/api.w.org\/{rel}","templated":true}]}}