{"id":6703,"date":"2023-07-05T16:28:50","date_gmt":"2023-07-05T14:28:50","guid":{"rendered":"https:\/\/www.fonds-alienor.fr\/?p=6703"},"modified":"2023-07-05T16:28:50","modified_gmt":"2023-07-05T14:28:50","slug":"remise-de-don-du-credit-agricole-de-la-touraine-et-du-poitou","status":"publish","type":"post","link":"https:\/\/www.fonds-alienor.fr\/en\/remise-de-don-du-credit-agricole-de-la-touraine-et-du-poitou\/","title":{"rendered":"Remise de don du Cr\u00e9dit Agricole de la Touraine et du Poitou"},"content":{"rendered":"<p>Dans le cadre des op\u00e9rations \u00ab arrondis sur salaire \u00bb et des \u00ab dons de fin d\u2019ann\u00e9e \u00bb, des salari\u00e9s et administrateurs du Cr\u00e9dit Agricole de la Touraine et du Poitou ont collectivement r\u00e9uni un don de plus de 18.000\u20ac. Un franc succ\u00e8s avec plus de 1 100 donateurs !<\/p>\n<p>Le Fonds Ali\u00e9nor du CHU de Poitiers a \u00e9t\u00e9 retenu en tant que b\u00e9n\u00e9ficiaire d\u2019une partie de ces dons, ainsi que 6 autres associations de la Vienne, agissant dans le cadre de la sant\u00e9, de la solidarit\u00e9 ou du handicap.<\/p>\n<p>Emmanuelle de Lavalette Ferguson, directrice de la recherche et de l\u2019innovation du CHU de Poitiers, administratrice du fonds Ali\u00e9nor, s\u2019est donc vue remettre\u00a0un ch\u00e8que de 1 663,50 euros, qui servira au\u00a0financement des projets de recherche retenus pour l\u2019ann\u00e9e en cours au CHU de Poitiers.<\/p>\n<p>L&#8217;\u00e9quipe du fonds Ali\u00e9nor, les chercheurs, les administrateurs, remercient les salaries et administrateurs du Cr\u00e9dit Agricole de la Touraine et du Poitou.<\/p>\n<p><img decoding=\"async\" class=\"alignnone size-full wp-image-6706\" src=\"https:\/\/www.fonds-alienor.fr\/wp-content\/uploads\/2023\/07\/2-web.jpg\" alt=\"assoc crca\" width=\"900\" height=\"474\" \/><\/p>\n","protected":false},"excerpt":{"rendered":"<p>Dans le cadre des op\u00e9rations \u00ab arrondis sur salaire \u00bb et des \u00ab dons de fin d\u2019ann\u00e9e \u00bb, des salari\u00e9s et administrateurs du Cr\u00e9dit Agricole de la Touraine et du Poitou ont collectivement r\u00e9uni un don de plus de 18.000\u20ac. Un franc succ\u00e8s avec plus de 1 100 donateurs ! Le Fonds Ali\u00e9nor du CHU [&hellip;]<\/p>\n","protected":false},"author":13,"featured_media":6712,"comment_status":"closed","ping_status":"closed","sticky":false,"template":"","format":"standard","meta":{"footnotes":""},"categories":[36],"tags":[],"class_list":["post-6703","post","type-post","status-publish","format-standard","has-post-thumbnail","hentry","category-non-classifiee"],"yoast_head":"<!-- This site is optimized with the Yoast SEO plugin v27.3 - https:\/\/yoast.com\/product\/yoast-seo-wordpress\/ -->\n<title>Remise de don du Cr\u00e9dit Agricole de la Touraine et du Poitou - Fonds Ali\u00e9nor<\/title>\n<meta name=\"robots\" content=\"index, follow, max-snippet:-1, max-image-preview:large, max-video-preview:-1\" \/>\n<link rel=\"canonical\" href=\"https:\/\/www.fonds-alienor.fr\/remise-de-don-du-credit-agricole-de-la-touraine-et-du-poitou\/\" \/>\n<meta property=\"og:locale\" content=\"en_US\" \/>\n<meta property=\"og:type\" content=\"article\" \/>\n<meta property=\"og:title\" content=\"Remise de don du Cr\u00e9dit Agricole de la Touraine et du Poitou - Fonds Ali\u00e9nor\" \/>\n<meta property=\"og:description\" content=\"Dans le cadre des op\u00e9rations \u00ab arrondis sur salaire \u00bb et des \u00ab dons de fin d\u2019ann\u00e9e \u00bb, des salari\u00e9s et administrateurs du Cr\u00e9dit Agricole de la Touraine et du Poitou ont collectivement r\u00e9uni un don de plus de 18.000\u20ac. Un franc succ\u00e8s avec plus de 1 100 donateurs ! Le Fonds Ali\u00e9nor du CHU [&hellip;]\" \/>\n<meta property=\"og:url\" content=\"https:\/\/www.fonds-alienor.fr\/remise-de-don-du-credit-agricole-de-la-touraine-et-du-poitou\/\" \/>\n<meta property=\"og:site_name\" content=\"Fonds Ali\u00e9nor\" \/>\n<meta property=\"article:publisher\" content=\"https:\/\/www.facebook.com\/chudepoitiers\" \/>\n<meta property=\"article:published_time\" content=\"2023-07-05T14:28:50+00:00\" \/>\n<meta property=\"og:image\" content=\"https:\/\/www.fonds-alienor.fr\/wp-content\/uploads\/2023\/07\/SM-Web.jpg\" \/>\n\t<meta property=\"og:image:width\" content=\"640\" \/>\n\t<meta property=\"og:image:height\" content=\"360\" \/>\n\t<meta property=\"og:image:type\" content=\"image\/jpeg\" \/>\n<meta name=\"author\" content=\"Communication CHU\" \/>\n<meta name=\"twitter:card\" content=\"summary_large_image\" \/>\n<meta name=\"twitter:creator\" content=\"@CHU_de_Poitiers\" \/>\n<meta name=\"twitter:site\" content=\"@CHU_de_Poitiers\" \/>\n<meta name=\"twitter:label1\" content=\"Written by\" \/>\n\t<meta name=\"twitter:data1\" content=\"Communication CHU\" \/>\n\t<meta name=\"twitter:label2\" content=\"Est. reading time\" \/>\n\t<meta name=\"twitter:data2\" content=\"1 minute\" \/>\n<script type=\"application\/ld+json\" class=\"yoast-schema-graph\">{\"@context\":\"https:\\\/\\\/schema.org\",\"@graph\":[{\"@type\":\"Article\",\"@id\":\"https:\\\/\\\/www.fonds-alienor.fr\\\/remise-de-don-du-credit-agricole-de-la-touraine-et-du-poitou\\\/#article\",\"isPartOf\":{\"@id\":\"https:\\\/\\\/www.fonds-alienor.fr\\\/remise-de-don-du-credit-agricole-de-la-touraine-et-du-poitou\\\/\"},\"author\":{\"name\":\"Communication CHU\",\"@id\":\"https:\\\/\\\/www.fonds-alienor.fr\\\/en\\\/#\\\/schema\\\/person\\\/dfcb6f976a0035c0d28ef0ec1162497d\"},\"headline\":\"Remise de don du Cr\u00e9dit Agricole de la Touraine et du Poitou\",\"datePublished\":\"2023-07-05T14:28:50+00:00\",\"mainEntityOfPage\":{\"@id\":\"https:\\\/\\\/www.fonds-alienor.fr\\\/remise-de-don-du-credit-agricole-de-la-touraine-et-du-poitou\\\/\"},\"wordCount\":180,\"publisher\":{\"@id\":\"https:\\\/\\\/www.fonds-alienor.fr\\\/en\\\/#organization\"},\"image\":{\"@id\":\"https:\\\/\\\/www.fonds-alienor.fr\\\/remise-de-don-du-credit-agricole-de-la-touraine-et-du-poitou\\\/#primaryimage\"},\"thumbnailUrl\":\"https:\\\/\\\/www.fonds-alienor.fr\\\/wp-content\\\/uploads\\\/2023\\\/07\\\/SM-Web.jpg\",\"articleSection\":[\"Non classifi\u00e9(e)\"],\"inLanguage\":\"en-US\"},{\"@type\":\"WebPage\",\"@id\":\"https:\\\/\\\/www.fonds-alienor.fr\\\/remise-de-don-du-credit-agricole-de-la-touraine-et-du-poitou\\\/\",\"url\":\"https:\\\/\\\/www.fonds-alienor.fr\\\/remise-de-don-du-credit-agricole-de-la-touraine-et-du-poitou\\\/\",\"name\":\"Remise de don du Cr\u00e9dit Agricole de la Touraine et du Poitou - Fonds Ali\u00e9nor\",\"isPartOf\":{\"@id\":\"https:\\\/\\\/www.fonds-alienor.fr\\\/en\\\/#website\"},\"primaryImageOfPage\":{\"@id\":\"https:\\\/\\\/www.fonds-alienor.fr\\\/remise-de-don-du-credit-agricole-de-la-touraine-et-du-poitou\\\/#primaryimage\"},\"image\":{\"@id\":\"https:\\\/\\\/www.fonds-alienor.fr\\\/remise-de-don-du-credit-agricole-de-la-touraine-et-du-poitou\\\/#primaryimage\"},\"thumbnailUrl\":\"https:\\\/\\\/www.fonds-alienor.fr\\\/wp-content\\\/uploads\\\/2023\\\/07\\\/SM-Web.jpg\",\"datePublished\":\"2023-07-05T14:28:50+00:00\",\"breadcrumb\":{\"@id\":\"https:\\\/\\\/www.fonds-alienor.fr\\\/remise-de-don-du-credit-agricole-de-la-touraine-et-du-poitou\\\/#breadcrumb\"},\"inLanguage\":\"en-US\",\"potentialAction\":[{\"@type\":\"ReadAction\",\"target\":[\"https:\\\/\\\/www.fonds-alienor.fr\\\/remise-de-don-du-credit-agricole-de-la-touraine-et-du-poitou\\\/\"]}]},{\"@type\":\"ImageObject\",\"inLanguage\":\"en-US\",\"@id\":\"https:\\\/\\\/www.fonds-alienor.fr\\\/remise-de-don-du-credit-agricole-de-la-touraine-et-du-poitou\\\/#primaryimage\",\"url\":\"https:\\\/\\\/www.fonds-alienor.fr\\\/wp-content\\\/uploads\\\/2023\\\/07\\\/SM-Web.jpg\",\"contentUrl\":\"https:\\\/\\\/www.fonds-alienor.fr\\\/wp-content\\\/uploads\\\/2023\\\/07\\\/SM-Web.jpg\",\"width\":640,\"height\":360},{\"@type\":\"BreadcrumbList\",\"@id\":\"https:\\\/\\\/www.fonds-alienor.fr\\\/remise-de-don-du-credit-agricole-de-la-touraine-et-du-poitou\\\/#breadcrumb\",\"itemListElement\":[{\"@type\":\"ListItem\",\"position\":1,\"name\":\"Accueil\",\"item\":\"https:\\\/\\\/www.fonds-alienor.fr\\\/en\\\/\"},{\"@type\":\"ListItem\",\"position\":2,\"name\":\"Remise de don du Cr\u00e9dit Agricole de la Touraine et du Poitou\"}]},{\"@type\":\"WebSite\",\"@id\":\"https:\\\/\\\/www.fonds-alienor.fr\\\/en\\\/#website\",\"url\":\"https:\\\/\\\/www.fonds-alienor.fr\\\/en\\\/\",\"name\":\"Fonds Ali\u00e9nor\",\"description\":\"Emmenons la recherche m\u00e9dicale\",\"publisher\":{\"@id\":\"https:\\\/\\\/www.fonds-alienor.fr\\\/en\\\/#organization\"},\"potentialAction\":[{\"@type\":\"SearchAction\",\"target\":{\"@type\":\"EntryPoint\",\"urlTemplate\":\"https:\\\/\\\/www.fonds-alienor.fr\\\/en\\\/?s={search_term_string}\"},\"query-input\":{\"@type\":\"PropertyValueSpecification\",\"valueRequired\":true,\"valueName\":\"search_term_string\"}}],\"inLanguage\":\"en-US\"},{\"@type\":\"Organization\",\"@id\":\"https:\\\/\\\/www.fonds-alienor.fr\\\/en\\\/#organization\",\"name\":\"Fonds Ali\u00e9nor du CHU de Poitiers\",\"url\":\"https:\\\/\\\/www.fonds-alienor.fr\\\/en\\\/\",\"logo\":{\"@type\":\"ImageObject\",\"inLanguage\":\"en-US\",\"@id\":\"https:\\\/\\\/www.fonds-alienor.fr\\\/en\\\/#\\\/schema\\\/logo\\\/image\\\/\",\"url\":\"https:\\\/\\\/www.fonds-alienor.fr\\\/wp-content\\\/uploads\\\/2025\\\/10\\\/logo_114px.png\",\"contentUrl\":\"https:\\\/\\\/www.fonds-alienor.fr\\\/wp-content\\\/uploads\\\/2025\\\/10\\\/logo_114px.png\",\"width\":114,\"height\":114,\"caption\":\"Fonds Ali\u00e9nor du CHU de Poitiers\"},\"image\":{\"@id\":\"https:\\\/\\\/www.fonds-alienor.fr\\\/en\\\/#\\\/schema\\\/logo\\\/image\\\/\"},\"sameAs\":[\"https:\\\/\\\/www.facebook.com\\\/chudepoitiers\",\"https:\\\/\\\/x.com\\\/CHU_de_Poitiers\",\"https:\\\/\\\/www.linkedin.com\\\/company\\\/chu-poitiers?trk=company_logo\",\"https:\\\/\\\/www.youtube.com\\\/channel\\\/UCPpTSqyLsR5a-hXJA7zZ6cA\"]},{\"@type\":\"Person\",\"@id\":\"https:\\\/\\\/www.fonds-alienor.fr\\\/en\\\/#\\\/schema\\\/person\\\/dfcb6f976a0035c0d28ef0ec1162497d\",\"name\":\"Communication CHU\",\"image\":{\"@type\":\"ImageObject\",\"inLanguage\":\"en-US\",\"@id\":\"https:\\\/\\\/secure.gravatar.com\\\/avatar\\\/e8241b1c4008757b3d6534121ad6d468fe3328c0ca9477a2023015afad018635?s=96&d=mm&r=g\",\"url\":\"https:\\\/\\\/secure.gravatar.com\\\/avatar\\\/e8241b1c4008757b3d6534121ad6d468fe3328c0ca9477a2023015afad018635?s=96&d=mm&r=g\",\"contentUrl\":\"https:\\\/\\\/secure.gravatar.com\\\/avatar\\\/e8241b1c4008757b3d6534121ad6d468fe3328c0ca9477a2023015afad018635?s=96&d=mm&r=g\",\"caption\":\"Communication CHU\"},\"url\":\"https:\\\/\\\/www.fonds-alienor.fr\\\/en\\\/\"}]}<\/script>\n<!-- \/ Yoast SEO plugin. -->","yoast_head_json":{"title":"Remise de don du Cr\u00e9dit Agricole de la Touraine et du Poitou - Fonds Ali\u00e9nor","robots":{"index":"index","follow":"follow","max-snippet":"max-snippet:-1","max-image-preview":"max-image-preview:large","max-video-preview":"max-video-preview:-1"},"canonical":"https:\/\/www.fonds-alienor.fr\/remise-de-don-du-credit-agricole-de-la-touraine-et-du-poitou\/","og_locale":"en_US","og_type":"article","og_title":"Remise de don du Cr\u00e9dit Agricole de la Touraine et du Poitou - Fonds Ali\u00e9nor","og_description":"Dans le cadre des op\u00e9rations \u00ab arrondis sur salaire \u00bb et des \u00ab dons de fin d\u2019ann\u00e9e \u00bb, des salari\u00e9s et administrateurs du Cr\u00e9dit Agricole de la Touraine et du Poitou ont collectivement r\u00e9uni un don de plus de 18.000\u20ac. Un franc succ\u00e8s avec plus de 1 100 donateurs ! Le Fonds Ali\u00e9nor du CHU [&hellip;]","og_url":"https:\/\/www.fonds-alienor.fr\/remise-de-don-du-credit-agricole-de-la-touraine-et-du-poitou\/","og_site_name":"Fonds Ali\u00e9nor","article_publisher":"https:\/\/www.facebook.com\/chudepoitiers","article_published_time":"2023-07-05T14:28:50+00:00","og_image":[{"width":640,"height":360,"url":"https:\/\/www.fonds-alienor.fr\/wp-content\/uploads\/2023\/07\/SM-Web.jpg","type":"image\/jpeg"}],"author":"Communication CHU","twitter_card":"summary_large_image","twitter_creator":"@CHU_de_Poitiers","twitter_site":"@CHU_de_Poitiers","twitter_misc":{"Written by":"Communication CHU","Est. reading time":"1 minute"},"schema":{"@context":"https:\/\/schema.org","@graph":[{"@type":"Article","@id":"https:\/\/www.fonds-alienor.fr\/remise-de-don-du-credit-agricole-de-la-touraine-et-du-poitou\/#article","isPartOf":{"@id":"https:\/\/www.fonds-alienor.fr\/remise-de-don-du-credit-agricole-de-la-touraine-et-du-poitou\/"},"author":{"name":"Communication CHU","@id":"https:\/\/www.fonds-alienor.fr\/en\/#\/schema\/person\/dfcb6f976a0035c0d28ef0ec1162497d"},"headline":"Remise de don du Cr\u00e9dit Agricole de la Touraine et du Poitou","datePublished":"2023-07-05T14:28:50+00:00","mainEntityOfPage":{"@id":"https:\/\/www.fonds-alienor.fr\/remise-de-don-du-credit-agricole-de-la-touraine-et-du-poitou\/"},"wordCount":180,"publisher":{"@id":"https:\/\/www.fonds-alienor.fr\/en\/#organization"},"image":{"@id":"https:\/\/www.fonds-alienor.fr\/remise-de-don-du-credit-agricole-de-la-touraine-et-du-poitou\/#primaryimage"},"thumbnailUrl":"https:\/\/www.fonds-alienor.fr\/wp-content\/uploads\/2023\/07\/SM-Web.jpg","articleSection":["Non classifi\u00e9(e)"],"inLanguage":"en-US"},{"@type":"WebPage","@id":"https:\/\/www.fonds-alienor.fr\/remise-de-don-du-credit-agricole-de-la-touraine-et-du-poitou\/","url":"https:\/\/www.fonds-alienor.fr\/remise-de-don-du-credit-agricole-de-la-touraine-et-du-poitou\/","name":"Remise de don du Cr\u00e9dit Agricole de la Touraine et du Poitou - Fonds Ali\u00e9nor","isPartOf":{"@id":"https:\/\/www.fonds-alienor.fr\/en\/#website"},"primaryImageOfPage":{"@id":"https:\/\/www.fonds-alienor.fr\/remise-de-don-du-credit-agricole-de-la-touraine-et-du-poitou\/#primaryimage"},"image":{"@id":"https:\/\/www.fonds-alienor.fr\/remise-de-don-du-credit-agricole-de-la-touraine-et-du-poitou\/#primaryimage"},"thumbnailUrl":"https:\/\/www.fonds-alienor.fr\/wp-content\/uploads\/2023\/07\/SM-Web.jpg","datePublished":"2023-07-05T14:28:50+00:00","breadcrumb":{"@id":"https:\/\/www.fonds-alienor.fr\/remise-de-don-du-credit-agricole-de-la-touraine-et-du-poitou\/#breadcrumb"},"inLanguage":"en-US","potentialAction":[{"@type":"ReadAction","target":["https:\/\/www.fonds-alienor.fr\/remise-de-don-du-credit-agricole-de-la-touraine-et-du-poitou\/"]}]},{"@type":"ImageObject","inLanguage":"en-US","@id":"https:\/\/www.fonds-alienor.fr\/remise-de-don-du-credit-agricole-de-la-touraine-et-du-poitou\/#primaryimage","url":"https:\/\/www.fonds-alienor.fr\/wp-content\/uploads\/2023\/07\/SM-Web.jpg","contentUrl":"https:\/\/www.fonds-alienor.fr\/wp-content\/uploads\/2023\/07\/SM-Web.jpg","width":640,"height":360},{"@type":"BreadcrumbList","@id":"https:\/\/www.fonds-alienor.fr\/remise-de-don-du-credit-agricole-de-la-touraine-et-du-poitou\/#breadcrumb","itemListElement":[{"@type":"ListItem","position":1,"name":"Accueil","item":"https:\/\/www.fonds-alienor.fr\/en\/"},{"@type":"ListItem","position":2,"name":"Remise de don du Cr\u00e9dit Agricole de la Touraine et du Poitou"}]},{"@type":"WebSite","@id":"https:\/\/www.fonds-alienor.fr\/en\/#website","url":"https:\/\/www.fonds-alienor.fr\/en\/","name":"Fonds Ali\u00e9nor","description":"Emmenons la recherche m\u00e9dicale","publisher":{"@id":"https:\/\/www.fonds-alienor.fr\/en\/#organization"},"potentialAction":[{"@type":"SearchAction","target":{"@type":"EntryPoint","urlTemplate":"https:\/\/www.fonds-alienor.fr\/en\/?s={search_term_string}"},"query-input":{"@type":"PropertyValueSpecification","valueRequired":true,"valueName":"search_term_string"}}],"inLanguage":"en-US"},{"@type":"Organization","@id":"https:\/\/www.fonds-alienor.fr\/en\/#organization","name":"Fonds Ali\u00e9nor du CHU de Poitiers","url":"https:\/\/www.fonds-alienor.fr\/en\/","logo":{"@type":"ImageObject","inLanguage":"en-US","@id":"https:\/\/www.fonds-alienor.fr\/en\/#\/schema\/logo\/image\/","url":"https:\/\/www.fonds-alienor.fr\/wp-content\/uploads\/2025\/10\/logo_114px.png","contentUrl":"https:\/\/www.fonds-alienor.fr\/wp-content\/uploads\/2025\/10\/logo_114px.png","width":114,"height":114,"caption":"Fonds Ali\u00e9nor du CHU de Poitiers"},"image":{"@id":"https:\/\/www.fonds-alienor.fr\/en\/#\/schema\/logo\/image\/"},"sameAs":["https:\/\/www.facebook.com\/chudepoitiers","https:\/\/x.com\/CHU_de_Poitiers","https:\/\/www.linkedin.com\/company\/chu-poitiers?trk=company_logo","https:\/\/www.youtube.com\/channel\/UCPpTSqyLsR5a-hXJA7zZ6cA"]},{"@type":"Person","@id":"https:\/\/www.fonds-alienor.fr\/en\/#\/schema\/person\/dfcb6f976a0035c0d28ef0ec1162497d","name":"Communication CHU","image":{"@type":"ImageObject","inLanguage":"en-US","@id":"https:\/\/secure.gravatar.com\/avatar\/e8241b1c4008757b3d6534121ad6d468fe3328c0ca9477a2023015afad018635?s=96&d=mm&r=g","url":"https:\/\/secure.gravatar.com\/avatar\/e8241b1c4008757b3d6534121ad6d468fe3328c0ca9477a2023015afad018635?s=96&d=mm&r=g","contentUrl":"https:\/\/secure.gravatar.com\/avatar\/e8241b1c4008757b3d6534121ad6d468fe3328c0ca9477a2023015afad018635?s=96&d=mm&r=g","caption":"Communication CHU"},"url":"https:\/\/www.fonds-alienor.fr\/en\/"}]}},"_links":{"self":[{"href":"https:\/\/www.fonds-alienor.fr\/en\/wp-json\/wp\/v2\/posts\/6703","targetHints":{"allow":["GET"]}}],"collection":[{"href":"https:\/\/www.fonds-alienor.fr\/en\/wp-json\/wp\/v2\/posts"}],"about":[{"href":"https:\/\/www.fonds-alienor.fr\/en\/wp-json\/wp\/v2\/types\/post"}],"author":[{"embeddable":true,"href":"https:\/\/www.fonds-alienor.fr\/en\/wp-json\/wp\/v2\/users\/13"}],"replies":[{"embeddable":true,"href":"https:\/\/www.fonds-alienor.fr\/en\/wp-json\/wp\/v2\/comments?post=6703"}],"version-history":[{"count":1,"href":"https:\/\/www.fonds-alienor.fr\/en\/wp-json\/wp\/v2\/posts\/6703\/revisions"}],"predecessor-version":[{"id":6718,"href":"https:\/\/www.fonds-alienor.fr\/en\/wp-json\/wp\/v2\/posts\/6703\/revisions\/6718"}],"wp:featuredmedia":[{"embeddable":true,"href":"https:\/\/www.fonds-alienor.fr\/en\/wp-json\/wp\/v2\/media\/6712"}],"wp:attachment":[{"href":"https:\/\/www.fonds-alienor.fr\/en\/wp-json\/wp\/v2\/media?parent=6703"}],"wp:term":[{"taxonomy":"category","embeddable":true,"href":"https:\/\/www.fonds-alienor.fr\/en\/wp-json\/wp\/v2\/categories?post=6703"},{"taxonomy":"post_tag","embeddable":true,"href":"https:\/\/www.fonds-alienor.fr\/en\/wp-json\/wp\/v2\/tags?post=6703"}],"curies":[{"name":"wp","href":"https:\/\/api.w.org\/{rel}","templated":true}]}}