{"id":7630,"date":"2023-11-15T10:58:27","date_gmt":"2023-11-15T09:58:27","guid":{"rendered":"https:\/\/www.fonds-alienor.fr\/?p=7630"},"modified":"2023-12-15T13:24:59","modified_gmt":"2023-12-15T12:24:59","slug":"le-technocentre-cesvi-france-accompagne-octobre-rose","status":"publish","type":"post","link":"https:\/\/www.fonds-alienor.fr\/en\/le-technocentre-cesvi-france-accompagne-octobre-rose\/","title":{"rendered":"Le technocentre CESVI France accompagne Octobre Rose !"},"content":{"rendered":"<p><a href=\"https:\/\/cesvifrance.fr\/\">CESVI France<\/a> a \u00e0 c\u0153ur de contribuer \u00e0 la lutte contre les cancers f\u00e9minins et de favoriser la prise en charge de la douleur au cours des traitements. Ainsi, dans le cadre de l\u2019op\u00e9ration \u00ab\u00a0Octobre Rose\u00a0\u00bb, CESVI France a souhait\u00e9 que, pendant deux jours, les patientes du p\u00f4le r\u00e9gional de canc\u00e9rologie du CHU de Poitiers, ainsi que le personnel soignant, puissent b\u00e9n\u00e9ficier de s\u00e9ances de massage shiatsu.<\/p>\n<p>Un ilot de calme, de d\u00e9tente et de r\u00e9confort s\u2019\u00e9tait donc install\u00e9 dans le hall du p\u00f4le r\u00e9gional de canc\u00e9rologie les 19 et 20 octobre.<\/p>\n<p>Pour conclure cette belle action, ce mardi 14 novembre, le fonds Ali\u00e9nor a \u00e9t\u00e9 convi\u00e9 dans les murs de CESVI France, \u00e0 Jaunay-Clan (86), pour se voir remettre un ch\u00e8que de 2.100 euros, permettant le financement de cette op\u00e9ration.<\/p>\n<p>&nbsp;<\/p>\n<p>Le fonds Ali\u00e9nor du CHU de Poitiers adresse ses plus vifs remerciements \u00e0 son m\u00e9c\u00e8ne CESVI France pour son soutien, sa g\u00e9n\u00e9rosit\u00e9 et la fid\u00e9lit\u00e9 de ses actions.<\/p>\n<p><img decoding=\"async\" class=\"aligncenter size-full wp-image-7816\" src=\"https:\/\/www.fonds-alienor.fr\/wp-content\/uploads\/2023\/11\/DSC07766-1.jpg\" alt=\"Don CESVI \" width=\"900\" height=\"600\" \/><\/p>\n<p><em>De gauche \u00e0 droite\u00a0:<\/em> <strong>Christophe PETRYNKA<\/strong>, directeur CESVI France, <strong>Nadia BESTAOUI<\/strong>, directeur technique CESVI France, <strong>Arnaud GARCIA<\/strong>, ing\u00e9nieur reconstruction d\u2019accidents et carrosserie CESVI France, <strong>Emmanuelle de LAVALETTE<\/strong>, directrice de la recherche du CHU de Poitiers, <strong>C\u00e9line SAINT GAL<\/strong>, responsable p\u00f4le formation et communication CESVI France, <strong>St\u00e9phan MARET<\/strong>, directeur de la communication CHU de Poitiers et tr\u00e9sorier du fonds Ali\u00e9nor, <strong>Manuel ROUBLAUD<\/strong>, coordonnateur g\u00e9n\u00e9ral de l\u2019\u00e9quipe de recherche clinique Prismatics du CHU de Poitiers, <strong>Bruno LACOSTE<\/strong>, pr\u00e9sident de CESVI France.<\/p>\n","protected":false},"excerpt":{"rendered":"<p>CESVI France a \u00e0 c\u0153ur de contribuer \u00e0 la lutte contre les cancers f\u00e9minins et de favoriser la prise en charge de la douleur au cours des traitements. Ainsi, dans le cadre de l\u2019op\u00e9ration \u00ab\u00a0Octobre Rose\u00a0\u00bb, CESVI France a souhait\u00e9 que, pendant deux jours, les patientes du p\u00f4le r\u00e9gional de canc\u00e9rologie du CHU de Poitiers, [&hellip;]<\/p>\n","protected":false},"author":13,"featured_media":7633,"comment_status":"closed","ping_status":"closed","sticky":false,"template":"","format":"standard","meta":{"footnotes":""},"categories":[36],"tags":[],"class_list":["post-7630","post","type-post","status-publish","format-standard","has-post-thumbnail","hentry","category-non-classifiee"],"yoast_head":"<!-- This site is optimized with the Yoast SEO plugin v27.3 - https:\/\/yoast.com\/product\/yoast-seo-wordpress\/ -->\n<title>Le technocentre CESVI France accompagne Octobre Rose ! - Fonds Ali\u00e9nor<\/title>\n<meta name=\"robots\" content=\"index, follow, max-snippet:-1, max-image-preview:large, max-video-preview:-1\" \/>\n<link rel=\"canonical\" href=\"https:\/\/www.fonds-alienor.fr\/le-technocentre-cesvi-france-accompagne-octobre-rose\/\" \/>\n<meta property=\"og:locale\" content=\"en_US\" \/>\n<meta property=\"og:type\" content=\"article\" \/>\n<meta property=\"og:title\" content=\"Le technocentre CESVI France accompagne Octobre Rose ! - Fonds Ali\u00e9nor\" \/>\n<meta property=\"og:description\" content=\"CESVI France a \u00e0 c\u0153ur de contribuer \u00e0 la lutte contre les cancers f\u00e9minins et de favoriser la prise en charge de la douleur au cours des traitements. Ainsi, dans le cadre de l\u2019op\u00e9ration \u00ab\u00a0Octobre Rose\u00a0\u00bb, CESVI France a souhait\u00e9 que, pendant deux jours, les patientes du p\u00f4le r\u00e9gional de canc\u00e9rologie du CHU de Poitiers, [&hellip;]\" \/>\n<meta property=\"og:url\" content=\"https:\/\/www.fonds-alienor.fr\/le-technocentre-cesvi-france-accompagne-octobre-rose\/\" \/>\n<meta property=\"og:site_name\" content=\"Fonds Ali\u00e9nor\" \/>\n<meta property=\"article:publisher\" content=\"https:\/\/www.facebook.com\/chudepoitiers\" \/>\n<meta property=\"article:published_time\" content=\"2023-11-15T09:58:27+00:00\" \/>\n<meta property=\"article:modified_time\" content=\"2023-12-15T12:24:59+00:00\" \/>\n<meta property=\"og:image\" content=\"https:\/\/www.fonds-alienor.fr\/wp-content\/uploads\/2023\/11\/1697808983052.jpg\" \/>\n\t<meta property=\"og:image:width\" content=\"480\" \/>\n\t<meta property=\"og:image:height\" content=\"640\" \/>\n\t<meta property=\"og:image:type\" content=\"image\/jpeg\" \/>\n<meta name=\"author\" content=\"Communication CHU\" \/>\n<meta name=\"twitter:card\" content=\"summary_large_image\" \/>\n<meta name=\"twitter:creator\" content=\"@CHU_de_Poitiers\" \/>\n<meta name=\"twitter:site\" content=\"@CHU_de_Poitiers\" \/>\n<meta name=\"twitter:label1\" content=\"Written by\" \/>\n\t<meta name=\"twitter:data1\" content=\"Communication CHU\" \/>\n\t<meta name=\"twitter:label2\" content=\"Est. reading time\" \/>\n\t<meta name=\"twitter:data2\" content=\"2 minutes\" \/>\n<script type=\"application\/ld+json\" class=\"yoast-schema-graph\">{\"@context\":\"https:\\\/\\\/schema.org\",\"@graph\":[{\"@type\":\"Article\",\"@id\":\"https:\\\/\\\/www.fonds-alienor.fr\\\/le-technocentre-cesvi-france-accompagne-octobre-rose\\\/#article\",\"isPartOf\":{\"@id\":\"https:\\\/\\\/www.fonds-alienor.fr\\\/le-technocentre-cesvi-france-accompagne-octobre-rose\\\/\"},\"author\":{\"name\":\"Communication CHU\",\"@id\":\"https:\\\/\\\/www.fonds-alienor.fr\\\/en\\\/#\\\/schema\\\/person\\\/dfcb6f976a0035c0d28ef0ec1162497d\"},\"headline\":\"Le technocentre CESVI France accompagne Octobre Rose !\",\"datePublished\":\"2023-11-15T09:58:27+00:00\",\"dateModified\":\"2023-12-15T12:24:59+00:00\",\"mainEntityOfPage\":{\"@id\":\"https:\\\/\\\/www.fonds-alienor.fr\\\/le-technocentre-cesvi-france-accompagne-octobre-rose\\\/\"},\"wordCount\":272,\"publisher\":{\"@id\":\"https:\\\/\\\/www.fonds-alienor.fr\\\/en\\\/#organization\"},\"image\":{\"@id\":\"https:\\\/\\\/www.fonds-alienor.fr\\\/le-technocentre-cesvi-france-accompagne-octobre-rose\\\/#primaryimage\"},\"thumbnailUrl\":\"https:\\\/\\\/www.fonds-alienor.fr\\\/wp-content\\\/uploads\\\/2023\\\/11\\\/1697808983052.jpg\",\"articleSection\":[\"Non classifi\u00e9(e)\"],\"inLanguage\":\"en-US\"},{\"@type\":\"WebPage\",\"@id\":\"https:\\\/\\\/www.fonds-alienor.fr\\\/le-technocentre-cesvi-france-accompagne-octobre-rose\\\/\",\"url\":\"https:\\\/\\\/www.fonds-alienor.fr\\\/le-technocentre-cesvi-france-accompagne-octobre-rose\\\/\",\"name\":\"Le technocentre CESVI France accompagne Octobre Rose ! - Fonds Ali\u00e9nor\",\"isPartOf\":{\"@id\":\"https:\\\/\\\/www.fonds-alienor.fr\\\/en\\\/#website\"},\"primaryImageOfPage\":{\"@id\":\"https:\\\/\\\/www.fonds-alienor.fr\\\/le-technocentre-cesvi-france-accompagne-octobre-rose\\\/#primaryimage\"},\"image\":{\"@id\":\"https:\\\/\\\/www.fonds-alienor.fr\\\/le-technocentre-cesvi-france-accompagne-octobre-rose\\\/#primaryimage\"},\"thumbnailUrl\":\"https:\\\/\\\/www.fonds-alienor.fr\\\/wp-content\\\/uploads\\\/2023\\\/11\\\/1697808983052.jpg\",\"datePublished\":\"2023-11-15T09:58:27+00:00\",\"dateModified\":\"2023-12-15T12:24:59+00:00\",\"breadcrumb\":{\"@id\":\"https:\\\/\\\/www.fonds-alienor.fr\\\/le-technocentre-cesvi-france-accompagne-octobre-rose\\\/#breadcrumb\"},\"inLanguage\":\"en-US\",\"potentialAction\":[{\"@type\":\"ReadAction\",\"target\":[\"https:\\\/\\\/www.fonds-alienor.fr\\\/le-technocentre-cesvi-france-accompagne-octobre-rose\\\/\"]}]},{\"@type\":\"ImageObject\",\"inLanguage\":\"en-US\",\"@id\":\"https:\\\/\\\/www.fonds-alienor.fr\\\/le-technocentre-cesvi-france-accompagne-octobre-rose\\\/#primaryimage\",\"url\":\"https:\\\/\\\/www.fonds-alienor.fr\\\/wp-content\\\/uploads\\\/2023\\\/11\\\/1697808983052.jpg\",\"contentUrl\":\"https:\\\/\\\/www.fonds-alienor.fr\\\/wp-content\\\/uploads\\\/2023\\\/11\\\/1697808983052.jpg\",\"width\":480,\"height\":640},{\"@type\":\"BreadcrumbList\",\"@id\":\"https:\\\/\\\/www.fonds-alienor.fr\\\/le-technocentre-cesvi-france-accompagne-octobre-rose\\\/#breadcrumb\",\"itemListElement\":[{\"@type\":\"ListItem\",\"position\":1,\"name\":\"Accueil\",\"item\":\"https:\\\/\\\/www.fonds-alienor.fr\\\/en\\\/\"},{\"@type\":\"ListItem\",\"position\":2,\"name\":\"Le technocentre CESVI France accompagne Octobre Rose !\"}]},{\"@type\":\"WebSite\",\"@id\":\"https:\\\/\\\/www.fonds-alienor.fr\\\/en\\\/#website\",\"url\":\"https:\\\/\\\/www.fonds-alienor.fr\\\/en\\\/\",\"name\":\"Fonds Ali\u00e9nor\",\"description\":\"Emmenons la recherche m\u00e9dicale\",\"publisher\":{\"@id\":\"https:\\\/\\\/www.fonds-alienor.fr\\\/en\\\/#organization\"},\"potentialAction\":[{\"@type\":\"SearchAction\",\"target\":{\"@type\":\"EntryPoint\",\"urlTemplate\":\"https:\\\/\\\/www.fonds-alienor.fr\\\/en\\\/?s={search_term_string}\"},\"query-input\":{\"@type\":\"PropertyValueSpecification\",\"valueRequired\":true,\"valueName\":\"search_term_string\"}}],\"inLanguage\":\"en-US\"},{\"@type\":\"Organization\",\"@id\":\"https:\\\/\\\/www.fonds-alienor.fr\\\/en\\\/#organization\",\"name\":\"Fonds Ali\u00e9nor du CHU de Poitiers\",\"url\":\"https:\\\/\\\/www.fonds-alienor.fr\\\/en\\\/\",\"logo\":{\"@type\":\"ImageObject\",\"inLanguage\":\"en-US\",\"@id\":\"https:\\\/\\\/www.fonds-alienor.fr\\\/en\\\/#\\\/schema\\\/logo\\\/image\\\/\",\"url\":\"https:\\\/\\\/www.fonds-alienor.fr\\\/wp-content\\\/uploads\\\/2025\\\/10\\\/logo_114px.png\",\"contentUrl\":\"https:\\\/\\\/www.fonds-alienor.fr\\\/wp-content\\\/uploads\\\/2025\\\/10\\\/logo_114px.png\",\"width\":114,\"height\":114,\"caption\":\"Fonds Ali\u00e9nor du CHU de Poitiers\"},\"image\":{\"@id\":\"https:\\\/\\\/www.fonds-alienor.fr\\\/en\\\/#\\\/schema\\\/logo\\\/image\\\/\"},\"sameAs\":[\"https:\\\/\\\/www.facebook.com\\\/chudepoitiers\",\"https:\\\/\\\/x.com\\\/CHU_de_Poitiers\",\"https:\\\/\\\/www.linkedin.com\\\/company\\\/chu-poitiers?trk=company_logo\",\"https:\\\/\\\/www.youtube.com\\\/channel\\\/UCPpTSqyLsR5a-hXJA7zZ6cA\"]},{\"@type\":\"Person\",\"@id\":\"https:\\\/\\\/www.fonds-alienor.fr\\\/en\\\/#\\\/schema\\\/person\\\/dfcb6f976a0035c0d28ef0ec1162497d\",\"name\":\"Communication CHU\",\"image\":{\"@type\":\"ImageObject\",\"inLanguage\":\"en-US\",\"@id\":\"https:\\\/\\\/secure.gravatar.com\\\/avatar\\\/e8241b1c4008757b3d6534121ad6d468fe3328c0ca9477a2023015afad018635?s=96&d=mm&r=g\",\"url\":\"https:\\\/\\\/secure.gravatar.com\\\/avatar\\\/e8241b1c4008757b3d6534121ad6d468fe3328c0ca9477a2023015afad018635?s=96&d=mm&r=g\",\"contentUrl\":\"https:\\\/\\\/secure.gravatar.com\\\/avatar\\\/e8241b1c4008757b3d6534121ad6d468fe3328c0ca9477a2023015afad018635?s=96&d=mm&r=g\",\"caption\":\"Communication CHU\"},\"url\":\"https:\\\/\\\/www.fonds-alienor.fr\\\/en\\\/\"}]}<\/script>\n<!-- \/ Yoast SEO plugin. -->","yoast_head_json":{"title":"Le technocentre CESVI France accompagne Octobre Rose ! - Fonds Ali\u00e9nor","robots":{"index":"index","follow":"follow","max-snippet":"max-snippet:-1","max-image-preview":"max-image-preview:large","max-video-preview":"max-video-preview:-1"},"canonical":"https:\/\/www.fonds-alienor.fr\/le-technocentre-cesvi-france-accompagne-octobre-rose\/","og_locale":"en_US","og_type":"article","og_title":"Le technocentre CESVI France accompagne Octobre Rose ! - Fonds Ali\u00e9nor","og_description":"CESVI France a \u00e0 c\u0153ur de contribuer \u00e0 la lutte contre les cancers f\u00e9minins et de favoriser la prise en charge de la douleur au cours des traitements. Ainsi, dans le cadre de l\u2019op\u00e9ration \u00ab\u00a0Octobre Rose\u00a0\u00bb, CESVI France a souhait\u00e9 que, pendant deux jours, les patientes du p\u00f4le r\u00e9gional de canc\u00e9rologie du CHU de Poitiers, [&hellip;]","og_url":"https:\/\/www.fonds-alienor.fr\/le-technocentre-cesvi-france-accompagne-octobre-rose\/","og_site_name":"Fonds Ali\u00e9nor","article_publisher":"https:\/\/www.facebook.com\/chudepoitiers","article_published_time":"2023-11-15T09:58:27+00:00","article_modified_time":"2023-12-15T12:24:59+00:00","og_image":[{"width":480,"height":640,"url":"https:\/\/www.fonds-alienor.fr\/wp-content\/uploads\/2023\/11\/1697808983052.jpg","type":"image\/jpeg"}],"author":"Communication CHU","twitter_card":"summary_large_image","twitter_creator":"@CHU_de_Poitiers","twitter_site":"@CHU_de_Poitiers","twitter_misc":{"Written by":"Communication CHU","Est. reading time":"2 minutes"},"schema":{"@context":"https:\/\/schema.org","@graph":[{"@type":"Article","@id":"https:\/\/www.fonds-alienor.fr\/le-technocentre-cesvi-france-accompagne-octobre-rose\/#article","isPartOf":{"@id":"https:\/\/www.fonds-alienor.fr\/le-technocentre-cesvi-france-accompagne-octobre-rose\/"},"author":{"name":"Communication CHU","@id":"https:\/\/www.fonds-alienor.fr\/en\/#\/schema\/person\/dfcb6f976a0035c0d28ef0ec1162497d"},"headline":"Le technocentre CESVI France accompagne Octobre Rose !","datePublished":"2023-11-15T09:58:27+00:00","dateModified":"2023-12-15T12:24:59+00:00","mainEntityOfPage":{"@id":"https:\/\/www.fonds-alienor.fr\/le-technocentre-cesvi-france-accompagne-octobre-rose\/"},"wordCount":272,"publisher":{"@id":"https:\/\/www.fonds-alienor.fr\/en\/#organization"},"image":{"@id":"https:\/\/www.fonds-alienor.fr\/le-technocentre-cesvi-france-accompagne-octobre-rose\/#primaryimage"},"thumbnailUrl":"https:\/\/www.fonds-alienor.fr\/wp-content\/uploads\/2023\/11\/1697808983052.jpg","articleSection":["Non classifi\u00e9(e)"],"inLanguage":"en-US"},{"@type":"WebPage","@id":"https:\/\/www.fonds-alienor.fr\/le-technocentre-cesvi-france-accompagne-octobre-rose\/","url":"https:\/\/www.fonds-alienor.fr\/le-technocentre-cesvi-france-accompagne-octobre-rose\/","name":"Le technocentre CESVI France accompagne Octobre Rose ! - Fonds Ali\u00e9nor","isPartOf":{"@id":"https:\/\/www.fonds-alienor.fr\/en\/#website"},"primaryImageOfPage":{"@id":"https:\/\/www.fonds-alienor.fr\/le-technocentre-cesvi-france-accompagne-octobre-rose\/#primaryimage"},"image":{"@id":"https:\/\/www.fonds-alienor.fr\/le-technocentre-cesvi-france-accompagne-octobre-rose\/#primaryimage"},"thumbnailUrl":"https:\/\/www.fonds-alienor.fr\/wp-content\/uploads\/2023\/11\/1697808983052.jpg","datePublished":"2023-11-15T09:58:27+00:00","dateModified":"2023-12-15T12:24:59+00:00","breadcrumb":{"@id":"https:\/\/www.fonds-alienor.fr\/le-technocentre-cesvi-france-accompagne-octobre-rose\/#breadcrumb"},"inLanguage":"en-US","potentialAction":[{"@type":"ReadAction","target":["https:\/\/www.fonds-alienor.fr\/le-technocentre-cesvi-france-accompagne-octobre-rose\/"]}]},{"@type":"ImageObject","inLanguage":"en-US","@id":"https:\/\/www.fonds-alienor.fr\/le-technocentre-cesvi-france-accompagne-octobre-rose\/#primaryimage","url":"https:\/\/www.fonds-alienor.fr\/wp-content\/uploads\/2023\/11\/1697808983052.jpg","contentUrl":"https:\/\/www.fonds-alienor.fr\/wp-content\/uploads\/2023\/11\/1697808983052.jpg","width":480,"height":640},{"@type":"BreadcrumbList","@id":"https:\/\/www.fonds-alienor.fr\/le-technocentre-cesvi-france-accompagne-octobre-rose\/#breadcrumb","itemListElement":[{"@type":"ListItem","position":1,"name":"Accueil","item":"https:\/\/www.fonds-alienor.fr\/en\/"},{"@type":"ListItem","position":2,"name":"Le technocentre CESVI France accompagne Octobre Rose !"}]},{"@type":"WebSite","@id":"https:\/\/www.fonds-alienor.fr\/en\/#website","url":"https:\/\/www.fonds-alienor.fr\/en\/","name":"Fonds Ali\u00e9nor","description":"Emmenons la recherche m\u00e9dicale","publisher":{"@id":"https:\/\/www.fonds-alienor.fr\/en\/#organization"},"potentialAction":[{"@type":"SearchAction","target":{"@type":"EntryPoint","urlTemplate":"https:\/\/www.fonds-alienor.fr\/en\/?s={search_term_string}"},"query-input":{"@type":"PropertyValueSpecification","valueRequired":true,"valueName":"search_term_string"}}],"inLanguage":"en-US"},{"@type":"Organization","@id":"https:\/\/www.fonds-alienor.fr\/en\/#organization","name":"Fonds Ali\u00e9nor du CHU de Poitiers","url":"https:\/\/www.fonds-alienor.fr\/en\/","logo":{"@type":"ImageObject","inLanguage":"en-US","@id":"https:\/\/www.fonds-alienor.fr\/en\/#\/schema\/logo\/image\/","url":"https:\/\/www.fonds-alienor.fr\/wp-content\/uploads\/2025\/10\/logo_114px.png","contentUrl":"https:\/\/www.fonds-alienor.fr\/wp-content\/uploads\/2025\/10\/logo_114px.png","width":114,"height":114,"caption":"Fonds Ali\u00e9nor du CHU de Poitiers"},"image":{"@id":"https:\/\/www.fonds-alienor.fr\/en\/#\/schema\/logo\/image\/"},"sameAs":["https:\/\/www.facebook.com\/chudepoitiers","https:\/\/x.com\/CHU_de_Poitiers","https:\/\/www.linkedin.com\/company\/chu-poitiers?trk=company_logo","https:\/\/www.youtube.com\/channel\/UCPpTSqyLsR5a-hXJA7zZ6cA"]},{"@type":"Person","@id":"https:\/\/www.fonds-alienor.fr\/en\/#\/schema\/person\/dfcb6f976a0035c0d28ef0ec1162497d","name":"Communication CHU","image":{"@type":"ImageObject","inLanguage":"en-US","@id":"https:\/\/secure.gravatar.com\/avatar\/e8241b1c4008757b3d6534121ad6d468fe3328c0ca9477a2023015afad018635?s=96&d=mm&r=g","url":"https:\/\/secure.gravatar.com\/avatar\/e8241b1c4008757b3d6534121ad6d468fe3328c0ca9477a2023015afad018635?s=96&d=mm&r=g","contentUrl":"https:\/\/secure.gravatar.com\/avatar\/e8241b1c4008757b3d6534121ad6d468fe3328c0ca9477a2023015afad018635?s=96&d=mm&r=g","caption":"Communication CHU"},"url":"https:\/\/www.fonds-alienor.fr\/en\/"}]}},"_links":{"self":[{"href":"https:\/\/www.fonds-alienor.fr\/en\/wp-json\/wp\/v2\/posts\/7630","targetHints":{"allow":["GET"]}}],"collection":[{"href":"https:\/\/www.fonds-alienor.fr\/en\/wp-json\/wp\/v2\/posts"}],"about":[{"href":"https:\/\/www.fonds-alienor.fr\/en\/wp-json\/wp\/v2\/types\/post"}],"author":[{"embeddable":true,"href":"https:\/\/www.fonds-alienor.fr\/en\/wp-json\/wp\/v2\/users\/13"}],"replies":[{"embeddable":true,"href":"https:\/\/www.fonds-alienor.fr\/en\/wp-json\/wp\/v2\/comments?post=7630"}],"version-history":[{"count":4,"href":"https:\/\/www.fonds-alienor.fr\/en\/wp-json\/wp\/v2\/posts\/7630\/revisions"}],"predecessor-version":[{"id":7822,"href":"https:\/\/www.fonds-alienor.fr\/en\/wp-json\/wp\/v2\/posts\/7630\/revisions\/7822"}],"wp:featuredmedia":[{"embeddable":true,"href":"https:\/\/www.fonds-alienor.fr\/en\/wp-json\/wp\/v2\/media\/7633"}],"wp:attachment":[{"href":"https:\/\/www.fonds-alienor.fr\/en\/wp-json\/wp\/v2\/media?parent=7630"}],"wp:term":[{"taxonomy":"category","embeddable":true,"href":"https:\/\/www.fonds-alienor.fr\/en\/wp-json\/wp\/v2\/categories?post=7630"},{"taxonomy":"post_tag","embeddable":true,"href":"https:\/\/www.fonds-alienor.fr\/en\/wp-json\/wp\/v2\/tags?post=7630"}],"curies":[{"name":"wp","href":"https:\/\/api.w.org\/{rel}","templated":true}]}}