{"id":932,"date":"2017-08-29T12:18:55","date_gmt":"2017-08-29T10:18:55","guid":{"rendered":"http:\/\/www.fonds-alienor.fr\/?p=932"},"modified":"2021-04-20T17:04:13","modified_gmt":"2021-04-20T15:04:13","slug":"credit-social-fonctionnaires-soutient-projet-tumeurs-cerebrales","status":"publish","type":"post","link":"https:\/\/www.fonds-alienor.fr\/en\/credit-social-fonctionnaires-soutient-projet-tumeurs-cerebrales\/","title":{"rendered":"Le Cr\u00e9dit social des fonctionnaires soutient  le projet sur les tumeurs c\u00e9r\u00e9brales"},"content":{"rendered":"<figure id=\"attachment_934\" aria-describedby=\"caption-attachment-934\" style=\"width: 600px\" class=\"wp-caption aligncenter\"><img decoding=\"async\" class=\"wp-image-934\" src=\"https:\/\/www.fonds-alienor.fr\/wp-content\/uploads\/2017\/08\/remise-cheque-CSF.jpg\" alt=\"De gauche \u00e0 droite : Jean-Pierre Dewitte, directeur g\u00e9n\u00e9ral du CHU et du fonds Ali\u00e9nor, Ang\u00e9lique Mar\u00e9chal-Planchon, conseill\u00e8re d\u2019agence du Cr\u00e9dit social des fonctionnaires, le Pr Beno\u00eet Bataille, neurochirurgien au CHU de Poitiers, Christelle Fouin, responsable territoriale, Pierre-Jean Becking, directeur de l\u2019agence de Poitiers, et Andr\u00e9 Jacquet, pr\u00e9sident de la commission d\u00e9partementale de la Vienne.\" width=\"600\" height=\"316\" srcset=\"https:\/\/www.fonds-alienor.fr\/wp-content\/uploads\/2017\/08\/remise-cheque-CSF.jpg 800w, https:\/\/www.fonds-alienor.fr\/wp-content\/uploads\/2017\/08\/remise-cheque-CSF-300x158.jpg 300w, https:\/\/www.fonds-alienor.fr\/wp-content\/uploads\/2017\/08\/remise-cheque-CSF-768x404.jpg 768w\" sizes=\"(max-width: 600px) 100vw, 600px\" \/><figcaption id=\"caption-attachment-934\" class=\"wp-caption-text\">De gauche \u00e0 droite : Jean-Pierre Dewitte, directeur g\u00e9n\u00e9ral du CHU et du fonds Ali\u00e9nor, Ang\u00e9lique Mar\u00e9chal-Planchon, conseill\u00e8re d\u2019agence du Cr\u00e9dit social des fonctionnaires, le Pr\u00a0Beno\u00eet Bataille, neurochirurgien au CHU de Poitiers, Christelle Fouin, responsable territoriale, Pierre-Jean Becking, directeur de l\u2019agence de Poitiers, et Andr\u00e9 Jacquet, pr\u00e9sident de la commission d\u00e9partementale de la Vienne.<\/figcaption><\/figure>\n<p>Le Cr\u00e9dit social des fonctionnaires (CSF) a remis un don de 5 000 euros au fonds Ali\u00e9nor, le vendredi 25 ao\u00fbt, au CHU de Poitiers. Repr\u00e9sent\u00e9 par Christelle Fouin, responsable territoriale, Andr\u00e9 Jacquet, pr\u00e9sident de la commission d\u00e9partementale de la Vienne, Pierre-Jean Becking, directeur de l\u2019agence de Poitiers, et Ang\u00e9lique Mar\u00e9chal-Planchon, conseill\u00e8re d\u2019agence, le CSF a souhait\u00e9 que ce don soit d\u00e9di\u00e9 \u00e0 la recherche sur les tumeurs c\u00e9r\u00e9brales, projet soutenu par le Pr Beno\u00eet Bataille, neurochirurgien au CHU de Poitiers, et pr\u00e9sent lors de cette remise de ch\u00e8que aux c\u00f4t\u00e9s du Pr G\u00e9rard Mauco, vice-pr\u00e9sident du directoire en charge de la recherche au CHU, et du Pr Ren\u00e9 Robert, d\u00e9l\u00e9gu\u00e9 r\u00e9gional \u00e0 la recherche au CHU. Selon l\u2019avanc\u00e9e de ses travaux et les r\u00e9sultats obtenus, un compl\u00e9tement de 5 000 euros sera vers\u00e9 en 2018. &#8220;Les liens qui unissent le CHU de Poitiers et le CSF sont importants, a d\u00e9clar\u00e9 Christelle Fouin. La fondation d\u2019entreprise du CSF souhaite donc accompagner ce projet sur plusieurs ann\u00e9es.&#8221; &#8220;C\u2019est un choix important, a expliqu\u00e9 Jean-Pierre Dewitte, directeur g\u00e9n\u00e9ral du CHU et du fonds Ali\u00e9nor. Je souhaite que cette coop\u00e9ration soit fructueuse et longue, car nous avons besoin de fonds compl\u00e9mentaires pour financer la recherche fondamentale.&#8221;<\/p>\n<p>Le projet de recherche du Pr Bataille a pour but d\u2019\u00e9tudier les caract\u00e9ristiques g\u00e9nomiques et transcriptomiques d\u2019un certain type de tumeurs c\u00e9r\u00e9brales, les m\u00e9ningiomes, et de trouver une th\u00e9rapie pour traiter les tumeurs inop\u00e9rables. &#8220;Les r\u00e9sultats pr\u00e9liminaires sont tr\u00e8s int\u00e9ressants, a indiqu\u00e9 le Pr Bataille. On se dirige vers une \u00e9tude clinique de phase 1 d\u2019ici six mois.&#8221;<\/p>\n","protected":false},"excerpt":{"rendered":"<p>Le Cr\u00e9dit social des fonctionnaires (CSF) a remis un don de 5 000 euros au fonds Ali\u00e9nor, le vendredi 25 ao\u00fbt, au CHU de Poitiers. Repr\u00e9sent\u00e9 par Christelle Fouin, responsable territoriale, Andr\u00e9 Jacquet, pr\u00e9sident de la commission d\u00e9partementale de la Vienne, Pierre-Jean Becking, directeur de l\u2019agence de Poitiers, et Ang\u00e9lique Mar\u00e9chal-Planchon, conseill\u00e8re d\u2019agence, le CSF [&hellip;]<\/p>\n","protected":false},"author":13,"featured_media":934,"comment_status":"open","ping_status":"open","sticky":false,"template":"","format":"standard","meta":{"footnotes":""},"categories":[1],"tags":[],"class_list":["post-932","post","type-post","status-publish","format-standard","has-post-thumbnail","hentry","category-non-classe"],"yoast_head":"<!-- This site is optimized with the Yoast SEO plugin v27.3 - https:\/\/yoast.com\/product\/yoast-seo-wordpress\/ -->\n<title>Le Cr\u00e9dit social des fonctionnaires soutient le projet sur les tumeurs c\u00e9r\u00e9brales - Fonds Ali\u00e9nor<\/title>\n<meta name=\"robots\" content=\"index, follow, max-snippet:-1, max-image-preview:large, max-video-preview:-1\" \/>\n<link rel=\"canonical\" href=\"https:\/\/www.fonds-alienor.fr\/credit-social-fonctionnaires-soutient-projet-tumeurs-cerebrales\/\" \/>\n<meta property=\"og:locale\" content=\"en_US\" \/>\n<meta property=\"og:type\" content=\"article\" \/>\n<meta property=\"og:title\" content=\"Le Cr\u00e9dit social des fonctionnaires soutient le projet sur les tumeurs c\u00e9r\u00e9brales - Fonds Ali\u00e9nor\" \/>\n<meta property=\"og:description\" content=\"Le Cr\u00e9dit social des fonctionnaires (CSF) a remis un don de 5 000 euros au fonds Ali\u00e9nor, le vendredi 25 ao\u00fbt, au CHU de Poitiers. Repr\u00e9sent\u00e9 par Christelle Fouin, responsable territoriale, Andr\u00e9 Jacquet, pr\u00e9sident de la commission d\u00e9partementale de la Vienne, Pierre-Jean Becking, directeur de l\u2019agence de Poitiers, et Ang\u00e9lique Mar\u00e9chal-Planchon, conseill\u00e8re d\u2019agence, le CSF [&hellip;]\" \/>\n<meta property=\"og:url\" content=\"https:\/\/www.fonds-alienor.fr\/credit-social-fonctionnaires-soutient-projet-tumeurs-cerebrales\/\" \/>\n<meta property=\"og:site_name\" content=\"Fonds Ali\u00e9nor\" \/>\n<meta property=\"article:publisher\" content=\"https:\/\/www.facebook.com\/chudepoitiers\" \/>\n<meta property=\"article:published_time\" content=\"2017-08-29T10:18:55+00:00\" \/>\n<meta property=\"article:modified_time\" content=\"2021-04-20T15:04:13+00:00\" \/>\n<meta property=\"og:image\" content=\"https:\/\/www.fonds-alienor.fr\/wp-content\/uploads\/2017\/08\/remise-cheque-CSF.jpg\" \/>\n\t<meta property=\"og:image:width\" content=\"800\" \/>\n\t<meta property=\"og:image:height\" content=\"421\" \/>\n\t<meta property=\"og:image:type\" content=\"image\/jpeg\" \/>\n<meta name=\"author\" content=\"Communication CHU\" \/>\n<meta name=\"twitter:card\" content=\"summary_large_image\" \/>\n<meta name=\"twitter:creator\" content=\"@CHU_de_Poitiers\" \/>\n<meta name=\"twitter:site\" content=\"@CHU_de_Poitiers\" \/>\n<meta name=\"twitter:label1\" content=\"Written by\" \/>\n\t<meta name=\"twitter:data1\" content=\"Communication CHU\" \/>\n\t<meta name=\"twitter:label2\" content=\"Est. reading time\" \/>\n\t<meta name=\"twitter:data2\" content=\"2 minutes\" \/>\n<script type=\"application\/ld+json\" class=\"yoast-schema-graph\">{\"@context\":\"https:\\\/\\\/schema.org\",\"@graph\":[{\"@type\":\"Article\",\"@id\":\"https:\\\/\\\/www.fonds-alienor.fr\\\/credit-social-fonctionnaires-soutient-projet-tumeurs-cerebrales\\\/#article\",\"isPartOf\":{\"@id\":\"https:\\\/\\\/www.fonds-alienor.fr\\\/credit-social-fonctionnaires-soutient-projet-tumeurs-cerebrales\\\/\"},\"author\":{\"name\":\"Communication CHU\",\"@id\":\"https:\\\/\\\/www.fonds-alienor.fr\\\/en\\\/#\\\/schema\\\/person\\\/dfcb6f976a0035c0d28ef0ec1162497d\"},\"headline\":\"Le Cr\u00e9dit social des fonctionnaires soutient le projet sur les tumeurs c\u00e9r\u00e9brales\",\"datePublished\":\"2017-08-29T10:18:55+00:00\",\"dateModified\":\"2021-04-20T15:04:13+00:00\",\"mainEntityOfPage\":{\"@id\":\"https:\\\/\\\/www.fonds-alienor.fr\\\/credit-social-fonctionnaires-soutient-projet-tumeurs-cerebrales\\\/\"},\"wordCount\":390,\"commentCount\":0,\"publisher\":{\"@id\":\"https:\\\/\\\/www.fonds-alienor.fr\\\/en\\\/#organization\"},\"image\":{\"@id\":\"https:\\\/\\\/www.fonds-alienor.fr\\\/credit-social-fonctionnaires-soutient-projet-tumeurs-cerebrales\\\/#primaryimage\"},\"thumbnailUrl\":\"https:\\\/\\\/www.fonds-alienor.fr\\\/wp-content\\\/uploads\\\/2017\\\/08\\\/remise-cheque-CSF.jpg\",\"articleSection\":[\"Non class\u00e9\"],\"inLanguage\":\"en-US\"},{\"@type\":\"WebPage\",\"@id\":\"https:\\\/\\\/www.fonds-alienor.fr\\\/credit-social-fonctionnaires-soutient-projet-tumeurs-cerebrales\\\/\",\"url\":\"https:\\\/\\\/www.fonds-alienor.fr\\\/credit-social-fonctionnaires-soutient-projet-tumeurs-cerebrales\\\/\",\"name\":\"Le Cr\u00e9dit social des fonctionnaires soutient le projet sur les tumeurs c\u00e9r\u00e9brales - Fonds Ali\u00e9nor\",\"isPartOf\":{\"@id\":\"https:\\\/\\\/www.fonds-alienor.fr\\\/en\\\/#website\"},\"primaryImageOfPage\":{\"@id\":\"https:\\\/\\\/www.fonds-alienor.fr\\\/credit-social-fonctionnaires-soutient-projet-tumeurs-cerebrales\\\/#primaryimage\"},\"image\":{\"@id\":\"https:\\\/\\\/www.fonds-alienor.fr\\\/credit-social-fonctionnaires-soutient-projet-tumeurs-cerebrales\\\/#primaryimage\"},\"thumbnailUrl\":\"https:\\\/\\\/www.fonds-alienor.fr\\\/wp-content\\\/uploads\\\/2017\\\/08\\\/remise-cheque-CSF.jpg\",\"datePublished\":\"2017-08-29T10:18:55+00:00\",\"dateModified\":\"2021-04-20T15:04:13+00:00\",\"breadcrumb\":{\"@id\":\"https:\\\/\\\/www.fonds-alienor.fr\\\/credit-social-fonctionnaires-soutient-projet-tumeurs-cerebrales\\\/#breadcrumb\"},\"inLanguage\":\"en-US\",\"potentialAction\":[{\"@type\":\"ReadAction\",\"target\":[\"https:\\\/\\\/www.fonds-alienor.fr\\\/credit-social-fonctionnaires-soutient-projet-tumeurs-cerebrales\\\/\"]}]},{\"@type\":\"ImageObject\",\"inLanguage\":\"en-US\",\"@id\":\"https:\\\/\\\/www.fonds-alienor.fr\\\/credit-social-fonctionnaires-soutient-projet-tumeurs-cerebrales\\\/#primaryimage\",\"url\":\"https:\\\/\\\/www.fonds-alienor.fr\\\/wp-content\\\/uploads\\\/2017\\\/08\\\/remise-cheque-CSF.jpg\",\"contentUrl\":\"https:\\\/\\\/www.fonds-alienor.fr\\\/wp-content\\\/uploads\\\/2017\\\/08\\\/remise-cheque-CSF.jpg\",\"width\":800,\"height\":421,\"caption\":\"De gauche \u00e0 droite : Jean-Pierre Dewitte, directeur g\u00e9n\u00e9ral du CHU et du fonds Ali\u00e9nor, Ang\u00e9lique Mar\u00e9chal-Planchon, conseill\u00e8re d\u2019agence du Cr\u00e9dit social des fonctionnaires, le Pr Beno\u00eet Bataille, neurochirurgien au CHU de Poitiers, Christelle Fouin, responsable territoriale, Pierre-Jean Becking, directeur de l\u2019agence de Poitiers, et Andr\u00e9 Jacquet, pr\u00e9sident de la commission d\u00e9partementale de la Vienne.\"},{\"@type\":\"BreadcrumbList\",\"@id\":\"https:\\\/\\\/www.fonds-alienor.fr\\\/credit-social-fonctionnaires-soutient-projet-tumeurs-cerebrales\\\/#breadcrumb\",\"itemListElement\":[{\"@type\":\"ListItem\",\"position\":1,\"name\":\"Accueil\",\"item\":\"https:\\\/\\\/www.fonds-alienor.fr\\\/en\\\/\"},{\"@type\":\"ListItem\",\"position\":2,\"name\":\"Le Cr\u00e9dit social des fonctionnaires soutient le projet sur les tumeurs c\u00e9r\u00e9brales\"}]},{\"@type\":\"WebSite\",\"@id\":\"https:\\\/\\\/www.fonds-alienor.fr\\\/en\\\/#website\",\"url\":\"https:\\\/\\\/www.fonds-alienor.fr\\\/en\\\/\",\"name\":\"Fonds Ali\u00e9nor\",\"description\":\"Emmenons la recherche m\u00e9dicale\",\"publisher\":{\"@id\":\"https:\\\/\\\/www.fonds-alienor.fr\\\/en\\\/#organization\"},\"potentialAction\":[{\"@type\":\"SearchAction\",\"target\":{\"@type\":\"EntryPoint\",\"urlTemplate\":\"https:\\\/\\\/www.fonds-alienor.fr\\\/en\\\/?s={search_term_string}\"},\"query-input\":{\"@type\":\"PropertyValueSpecification\",\"valueRequired\":true,\"valueName\":\"search_term_string\"}}],\"inLanguage\":\"en-US\"},{\"@type\":\"Organization\",\"@id\":\"https:\\\/\\\/www.fonds-alienor.fr\\\/en\\\/#organization\",\"name\":\"Fonds Ali\u00e9nor du CHU de Poitiers\",\"url\":\"https:\\\/\\\/www.fonds-alienor.fr\\\/en\\\/\",\"logo\":{\"@type\":\"ImageObject\",\"inLanguage\":\"en-US\",\"@id\":\"https:\\\/\\\/www.fonds-alienor.fr\\\/en\\\/#\\\/schema\\\/logo\\\/image\\\/\",\"url\":\"https:\\\/\\\/www.fonds-alienor.fr\\\/wp-content\\\/uploads\\\/2025\\\/10\\\/logo_114px.png\",\"contentUrl\":\"https:\\\/\\\/www.fonds-alienor.fr\\\/wp-content\\\/uploads\\\/2025\\\/10\\\/logo_114px.png\",\"width\":114,\"height\":114,\"caption\":\"Fonds Ali\u00e9nor du CHU de Poitiers\"},\"image\":{\"@id\":\"https:\\\/\\\/www.fonds-alienor.fr\\\/en\\\/#\\\/schema\\\/logo\\\/image\\\/\"},\"sameAs\":[\"https:\\\/\\\/www.facebook.com\\\/chudepoitiers\",\"https:\\\/\\\/x.com\\\/CHU_de_Poitiers\",\"https:\\\/\\\/www.linkedin.com\\\/company\\\/chu-poitiers?trk=company_logo\",\"https:\\\/\\\/www.youtube.com\\\/channel\\\/UCPpTSqyLsR5a-hXJA7zZ6cA\"]},{\"@type\":\"Person\",\"@id\":\"https:\\\/\\\/www.fonds-alienor.fr\\\/en\\\/#\\\/schema\\\/person\\\/dfcb6f976a0035c0d28ef0ec1162497d\",\"name\":\"Communication CHU\",\"image\":{\"@type\":\"ImageObject\",\"inLanguage\":\"en-US\",\"@id\":\"https:\\\/\\\/secure.gravatar.com\\\/avatar\\\/e8241b1c4008757b3d6534121ad6d468fe3328c0ca9477a2023015afad018635?s=96&d=mm&r=g\",\"url\":\"https:\\\/\\\/secure.gravatar.com\\\/avatar\\\/e8241b1c4008757b3d6534121ad6d468fe3328c0ca9477a2023015afad018635?s=96&d=mm&r=g\",\"contentUrl\":\"https:\\\/\\\/secure.gravatar.com\\\/avatar\\\/e8241b1c4008757b3d6534121ad6d468fe3328c0ca9477a2023015afad018635?s=96&d=mm&r=g\",\"caption\":\"Communication CHU\"},\"url\":\"https:\\\/\\\/www.fonds-alienor.fr\\\/en\\\/\"}]}<\/script>\n<!-- \/ Yoast SEO plugin. -->","yoast_head_json":{"title":"Le Cr\u00e9dit social des fonctionnaires soutient le projet sur les tumeurs c\u00e9r\u00e9brales - Fonds Ali\u00e9nor","robots":{"index":"index","follow":"follow","max-snippet":"max-snippet:-1","max-image-preview":"max-image-preview:large","max-video-preview":"max-video-preview:-1"},"canonical":"https:\/\/www.fonds-alienor.fr\/credit-social-fonctionnaires-soutient-projet-tumeurs-cerebrales\/","og_locale":"en_US","og_type":"article","og_title":"Le Cr\u00e9dit social des fonctionnaires soutient le projet sur les tumeurs c\u00e9r\u00e9brales - Fonds Ali\u00e9nor","og_description":"Le Cr\u00e9dit social des fonctionnaires (CSF) a remis un don de 5 000 euros au fonds Ali\u00e9nor, le vendredi 25 ao\u00fbt, au CHU de Poitiers. Repr\u00e9sent\u00e9 par Christelle Fouin, responsable territoriale, Andr\u00e9 Jacquet, pr\u00e9sident de la commission d\u00e9partementale de la Vienne, Pierre-Jean Becking, directeur de l\u2019agence de Poitiers, et Ang\u00e9lique Mar\u00e9chal-Planchon, conseill\u00e8re d\u2019agence, le CSF [&hellip;]","og_url":"https:\/\/www.fonds-alienor.fr\/credit-social-fonctionnaires-soutient-projet-tumeurs-cerebrales\/","og_site_name":"Fonds Ali\u00e9nor","article_publisher":"https:\/\/www.facebook.com\/chudepoitiers","article_published_time":"2017-08-29T10:18:55+00:00","article_modified_time":"2021-04-20T15:04:13+00:00","og_image":[{"width":800,"height":421,"url":"https:\/\/www.fonds-alienor.fr\/wp-content\/uploads\/2017\/08\/remise-cheque-CSF.jpg","type":"image\/jpeg"}],"author":"Communication CHU","twitter_card":"summary_large_image","twitter_creator":"@CHU_de_Poitiers","twitter_site":"@CHU_de_Poitiers","twitter_misc":{"Written by":"Communication CHU","Est. reading time":"2 minutes"},"schema":{"@context":"https:\/\/schema.org","@graph":[{"@type":"Article","@id":"https:\/\/www.fonds-alienor.fr\/credit-social-fonctionnaires-soutient-projet-tumeurs-cerebrales\/#article","isPartOf":{"@id":"https:\/\/www.fonds-alienor.fr\/credit-social-fonctionnaires-soutient-projet-tumeurs-cerebrales\/"},"author":{"name":"Communication CHU","@id":"https:\/\/www.fonds-alienor.fr\/en\/#\/schema\/person\/dfcb6f976a0035c0d28ef0ec1162497d"},"headline":"Le Cr\u00e9dit social des fonctionnaires soutient le projet sur les tumeurs c\u00e9r\u00e9brales","datePublished":"2017-08-29T10:18:55+00:00","dateModified":"2021-04-20T15:04:13+00:00","mainEntityOfPage":{"@id":"https:\/\/www.fonds-alienor.fr\/credit-social-fonctionnaires-soutient-projet-tumeurs-cerebrales\/"},"wordCount":390,"commentCount":0,"publisher":{"@id":"https:\/\/www.fonds-alienor.fr\/en\/#organization"},"image":{"@id":"https:\/\/www.fonds-alienor.fr\/credit-social-fonctionnaires-soutient-projet-tumeurs-cerebrales\/#primaryimage"},"thumbnailUrl":"https:\/\/www.fonds-alienor.fr\/wp-content\/uploads\/2017\/08\/remise-cheque-CSF.jpg","articleSection":["Non class\u00e9"],"inLanguage":"en-US"},{"@type":"WebPage","@id":"https:\/\/www.fonds-alienor.fr\/credit-social-fonctionnaires-soutient-projet-tumeurs-cerebrales\/","url":"https:\/\/www.fonds-alienor.fr\/credit-social-fonctionnaires-soutient-projet-tumeurs-cerebrales\/","name":"Le Cr\u00e9dit social des fonctionnaires soutient le projet sur les tumeurs c\u00e9r\u00e9brales - Fonds Ali\u00e9nor","isPartOf":{"@id":"https:\/\/www.fonds-alienor.fr\/en\/#website"},"primaryImageOfPage":{"@id":"https:\/\/www.fonds-alienor.fr\/credit-social-fonctionnaires-soutient-projet-tumeurs-cerebrales\/#primaryimage"},"image":{"@id":"https:\/\/www.fonds-alienor.fr\/credit-social-fonctionnaires-soutient-projet-tumeurs-cerebrales\/#primaryimage"},"thumbnailUrl":"https:\/\/www.fonds-alienor.fr\/wp-content\/uploads\/2017\/08\/remise-cheque-CSF.jpg","datePublished":"2017-08-29T10:18:55+00:00","dateModified":"2021-04-20T15:04:13+00:00","breadcrumb":{"@id":"https:\/\/www.fonds-alienor.fr\/credit-social-fonctionnaires-soutient-projet-tumeurs-cerebrales\/#breadcrumb"},"inLanguage":"en-US","potentialAction":[{"@type":"ReadAction","target":["https:\/\/www.fonds-alienor.fr\/credit-social-fonctionnaires-soutient-projet-tumeurs-cerebrales\/"]}]},{"@type":"ImageObject","inLanguage":"en-US","@id":"https:\/\/www.fonds-alienor.fr\/credit-social-fonctionnaires-soutient-projet-tumeurs-cerebrales\/#primaryimage","url":"https:\/\/www.fonds-alienor.fr\/wp-content\/uploads\/2017\/08\/remise-cheque-CSF.jpg","contentUrl":"https:\/\/www.fonds-alienor.fr\/wp-content\/uploads\/2017\/08\/remise-cheque-CSF.jpg","width":800,"height":421,"caption":"De gauche \u00e0 droite : Jean-Pierre Dewitte, directeur g\u00e9n\u00e9ral du CHU et du fonds Ali\u00e9nor, Ang\u00e9lique Mar\u00e9chal-Planchon, conseill\u00e8re d\u2019agence du Cr\u00e9dit social des fonctionnaires, le Pr Beno\u00eet Bataille, neurochirurgien au CHU de Poitiers, Christelle Fouin, responsable territoriale, Pierre-Jean Becking, directeur de l\u2019agence de Poitiers, et Andr\u00e9 Jacquet, pr\u00e9sident de la commission d\u00e9partementale de la Vienne."},{"@type":"BreadcrumbList","@id":"https:\/\/www.fonds-alienor.fr\/credit-social-fonctionnaires-soutient-projet-tumeurs-cerebrales\/#breadcrumb","itemListElement":[{"@type":"ListItem","position":1,"name":"Accueil","item":"https:\/\/www.fonds-alienor.fr\/en\/"},{"@type":"ListItem","position":2,"name":"Le Cr\u00e9dit social des fonctionnaires soutient le projet sur les tumeurs c\u00e9r\u00e9brales"}]},{"@type":"WebSite","@id":"https:\/\/www.fonds-alienor.fr\/en\/#website","url":"https:\/\/www.fonds-alienor.fr\/en\/","name":"Fonds Ali\u00e9nor","description":"Emmenons la recherche m\u00e9dicale","publisher":{"@id":"https:\/\/www.fonds-alienor.fr\/en\/#organization"},"potentialAction":[{"@type":"SearchAction","target":{"@type":"EntryPoint","urlTemplate":"https:\/\/www.fonds-alienor.fr\/en\/?s={search_term_string}"},"query-input":{"@type":"PropertyValueSpecification","valueRequired":true,"valueName":"search_term_string"}}],"inLanguage":"en-US"},{"@type":"Organization","@id":"https:\/\/www.fonds-alienor.fr\/en\/#organization","name":"Fonds Ali\u00e9nor du CHU de Poitiers","url":"https:\/\/www.fonds-alienor.fr\/en\/","logo":{"@type":"ImageObject","inLanguage":"en-US","@id":"https:\/\/www.fonds-alienor.fr\/en\/#\/schema\/logo\/image\/","url":"https:\/\/www.fonds-alienor.fr\/wp-content\/uploads\/2025\/10\/logo_114px.png","contentUrl":"https:\/\/www.fonds-alienor.fr\/wp-content\/uploads\/2025\/10\/logo_114px.png","width":114,"height":114,"caption":"Fonds Ali\u00e9nor du CHU de Poitiers"},"image":{"@id":"https:\/\/www.fonds-alienor.fr\/en\/#\/schema\/logo\/image\/"},"sameAs":["https:\/\/www.facebook.com\/chudepoitiers","https:\/\/x.com\/CHU_de_Poitiers","https:\/\/www.linkedin.com\/company\/chu-poitiers?trk=company_logo","https:\/\/www.youtube.com\/channel\/UCPpTSqyLsR5a-hXJA7zZ6cA"]},{"@type":"Person","@id":"https:\/\/www.fonds-alienor.fr\/en\/#\/schema\/person\/dfcb6f976a0035c0d28ef0ec1162497d","name":"Communication CHU","image":{"@type":"ImageObject","inLanguage":"en-US","@id":"https:\/\/secure.gravatar.com\/avatar\/e8241b1c4008757b3d6534121ad6d468fe3328c0ca9477a2023015afad018635?s=96&d=mm&r=g","url":"https:\/\/secure.gravatar.com\/avatar\/e8241b1c4008757b3d6534121ad6d468fe3328c0ca9477a2023015afad018635?s=96&d=mm&r=g","contentUrl":"https:\/\/secure.gravatar.com\/avatar\/e8241b1c4008757b3d6534121ad6d468fe3328c0ca9477a2023015afad018635?s=96&d=mm&r=g","caption":"Communication CHU"},"url":"https:\/\/www.fonds-alienor.fr\/en\/"}]}},"_links":{"self":[{"href":"https:\/\/www.fonds-alienor.fr\/en\/wp-json\/wp\/v2\/posts\/932","targetHints":{"allow":["GET"]}}],"collection":[{"href":"https:\/\/www.fonds-alienor.fr\/en\/wp-json\/wp\/v2\/posts"}],"about":[{"href":"https:\/\/www.fonds-alienor.fr\/en\/wp-json\/wp\/v2\/types\/post"}],"author":[{"embeddable":true,"href":"https:\/\/www.fonds-alienor.fr\/en\/wp-json\/wp\/v2\/users\/13"}],"replies":[{"embeddable":true,"href":"https:\/\/www.fonds-alienor.fr\/en\/wp-json\/wp\/v2\/comments?post=932"}],"version-history":[{"count":4,"href":"https:\/\/www.fonds-alienor.fr\/en\/wp-json\/wp\/v2\/posts\/932\/revisions"}],"predecessor-version":[{"id":2687,"href":"https:\/\/www.fonds-alienor.fr\/en\/wp-json\/wp\/v2\/posts\/932\/revisions\/2687"}],"wp:featuredmedia":[{"embeddable":true,"href":"https:\/\/www.fonds-alienor.fr\/en\/wp-json\/wp\/v2\/media\/934"}],"wp:attachment":[{"href":"https:\/\/www.fonds-alienor.fr\/en\/wp-json\/wp\/v2\/media?parent=932"}],"wp:term":[{"taxonomy":"category","embeddable":true,"href":"https:\/\/www.fonds-alienor.fr\/en\/wp-json\/wp\/v2\/categories?post=932"},{"taxonomy":"post_tag","embeddable":true,"href":"https:\/\/www.fonds-alienor.fr\/en\/wp-json\/wp\/v2\/tags?post=932"}],"curies":[{"name":"wp","href":"https:\/\/api.w.org\/{rel}","templated":true}]}}