{"id":9898,"date":"2025-04-08T16:05:48","date_gmt":"2025-04-08T14:05:48","guid":{"rendered":"https:\/\/www.fonds-alienor.fr\/?p=9898"},"modified":"2025-04-08T16:06:19","modified_gmt":"2025-04-08T14:06:19","slug":"les-yeux-grands-fermes-du-futuroscope-20-ans-dengagement-et-un-nouveau-parcours-pour-sensibiliser-au-handicap-visuel","status":"publish","type":"post","link":"https:\/\/www.fonds-alienor.fr\/en\/les-yeux-grands-fermes-du-futuroscope-20-ans-dengagement-et-un-nouveau-parcours-pour-sensibiliser-au-handicap-visuel\/","title":{"rendered":"&#8220;Les yeux grands ferm\u00e9s&#8221; du Futuroscope : 20 ans d&#8217;engagement et un nouveau parcours pour sensibiliser au handicap visuel"},"content":{"rendered":"<p style=\"text-align: justify;\"><span style=\"font-family: 'Accord Alternate';\">L&#8217;attraction embl\u00e9matique du Futuroscope, &#8220;Les yeux grands ferm\u00e9s&#8221;, a franchi un cap majeur ce week-end en c\u00e9l\u00e9brant son 20<sup>e<\/sup> anniversaire et l&#8217;accueil de son deux millioni\u00e8me visiteur. Bien plus qu&#8217;une simple exp\u00e9rience sensorielle, cette initiative unique en France s&#8217;est impos\u00e9e comme une importante action de sensibilisation au handicap visuel, permettant aux valides de se glisser dans la peau d&#8217;une personne non-voyante le temps d&#8217;un parcours immersif dans l&#8217;obscurit\u00e9 totale. Cet anniversaire a \u00e9galement \u00e9t\u00e9 marqu\u00e9 par l&#8217;inauguration d&#8217;un tout nouveau parcours et une exp\u00e9rience renouvel\u00e9e.<s><\/s><\/span><\/p>\n<p style=\"text-align: justify;\"><span style=\"font-family: 'Accord Alternate';\">L&#8217;\u00e9v\u00e9nement a \u00e9t\u00e9 l&#8217;occasion de souligner l&#8217;engagement profond de l&#8217;attraction en faveur de la recherche et du soutien aux personnes malvoyantes. &#8220;Les yeux grands ferm\u00e9s&#8221; est un m\u00e9c\u00e8ne du fonds Ali\u00e9nor, depuis sa cr\u00e9ation, qui contribue au financement des travaux de recherche en ophtalmologie du CHU, notamment ceux men\u00e9s par le Professeur Nicolas Leveziel. <\/span><\/p>\n<p style=\"text-align: justify;\"><span style=\"font-family: 'Accord Alternate';\">La pr\u00e9sence d&#8217;Anne Costa, directrice g\u00e9n\u00e9rale du CHU et pr\u00e9sidente du fonds Ali\u00e9nor, du Professeur Pierre Corbi, pr\u00e9sident de la commission m\u00e9dicale d\u2019\u00e9tablissement, du Professeur Leveziel et de Fr\u00e9d\u00e9rick Gersal, parrain du fonds, a t\u00e9moign\u00e9 de cette reconnaissance.<\/span><\/p>\n<p style=\"text-align: justify;\"><span style=\"font-family: 'Accord Alternate';\">Rodolphe Bouin, pr\u00e9sident du directoire du Futuroscope, a salu\u00e9 l&#8217;engagement continu de ses \u00e9quipes et l&#8217;h\u00e9ritage de Dominique Hummel, qui a initi\u00e9 cette action visionnaire. <\/span><\/p>\n<p style=\"text-align: justify;\"><span style=\"font-family: 'Accord Alternate';\">Souhaitons longue vie \u00e0 l\u2019attraction &#8220;Les yeux grands ferm\u00e9s&#8221;, un mod\u00e8le inspirant de la mani\u00e8re dont un lieu de divertissement peut devenir un acteur majeur de la sensibilisation au handicap visuel.<\/span><\/p>\n<p><img decoding=\"async\" class=\"alignnone size-medium wp-image-9907\" src=\"https:\/\/www.fonds-alienor.fr\/wp-content\/uploads\/2025\/04\/1743970582707-209x300.jpg\" alt=\"\" width=\"209\" height=\"300\" srcset=\"https:\/\/www.fonds-alienor.fr\/wp-content\/uploads\/2025\/04\/1743970582707-209x300.jpg 209w, https:\/\/www.fonds-alienor.fr\/wp-content\/uploads\/2025\/04\/1743970582707-715x1024.jpg 715w, https:\/\/www.fonds-alienor.fr\/wp-content\/uploads\/2025\/04\/1743970582707-768x1100.jpg 768w, https:\/\/www.fonds-alienor.fr\/wp-content\/uploads\/2025\/04\/1743970582707-1072x1536.jpg 1072w, https:\/\/www.fonds-alienor.fr\/wp-content\/uploads\/2025\/04\/1743970582707.jpg 1280w\" sizes=\"(max-width: 209px) 100vw, 209px\" \/> <img decoding=\"async\" class=\"alignnone size-medium wp-image-9913\" src=\"https:\/\/www.fonds-alienor.fr\/wp-content\/uploads\/2025\/04\/1743970591856-225x300.jpg\" alt=\"\" width=\"225\" height=\"300\" srcset=\"https:\/\/www.fonds-alienor.fr\/wp-content\/uploads\/2025\/04\/1743970591856-225x300.jpg 225w, https:\/\/www.fonds-alienor.fr\/wp-content\/uploads\/2025\/04\/1743970591856-768x1024.jpg 768w, https:\/\/www.fonds-alienor.fr\/wp-content\/uploads\/2025\/04\/1743970591856-1152x1536.jpg 1152w, https:\/\/www.fonds-alienor.fr\/wp-content\/uploads\/2025\/04\/1743970591856.jpg 1280w\" sizes=\"(max-width: 225px) 100vw, 225px\" \/> <img decoding=\"async\" class=\"alignnone size-medium wp-image-9919\" src=\"https:\/\/www.fonds-alienor.fr\/wp-content\/uploads\/2025\/04\/1743970590778-300x225.jpg\" alt=\"YGF1\" width=\"300\" height=\"225\" srcset=\"https:\/\/www.fonds-alienor.fr\/wp-content\/uploads\/2025\/04\/1743970590778-300x225.jpg 300w, https:\/\/www.fonds-alienor.fr\/wp-content\/uploads\/2025\/04\/1743970590778-1024x768.jpg 1024w, https:\/\/www.fonds-alienor.fr\/wp-content\/uploads\/2025\/04\/1743970590778-768x576.jpg 768w, https:\/\/www.fonds-alienor.fr\/wp-content\/uploads\/2025\/04\/1743970590778-1536x1152.jpg 1536w, https:\/\/www.fonds-alienor.fr\/wp-content\/uploads\/2025\/04\/1743970590778.jpg 2048w\" sizes=\"(max-width: 300px) 100vw, 300px\" \/><\/p>\n","protected":false},"excerpt":{"rendered":"<p>L&#8217;attraction embl\u00e9matique du Futuroscope, &#8220;Les yeux grands ferm\u00e9s&#8221;, a franchi un cap majeur ce week-end en c\u00e9l\u00e9brant son 20e anniversaire et l&#8217;accueil de son deux millioni\u00e8me visiteur. Bien plus qu&#8217;une simple exp\u00e9rience sensorielle, cette initiative unique en France s&#8217;est impos\u00e9e comme une importante action de sensibilisation au handicap visuel, permettant aux valides de se glisser [&hellip;]<\/p>\n","protected":false},"author":13,"featured_media":9901,"comment_status":"closed","ping_status":"closed","sticky":false,"template":"","format":"standard","meta":{"footnotes":""},"categories":[36],"tags":[],"class_list":["post-9898","post","type-post","status-publish","format-standard","has-post-thumbnail","hentry","category-non-classifiee"],"yoast_head":"<!-- This site is optimized with the Yoast SEO plugin v27.3 - https:\/\/yoast.com\/product\/yoast-seo-wordpress\/ -->\n<title>&quot;Les yeux grands ferm\u00e9s&quot; du Futuroscope : 20 ans d&#039;engagement et un nouveau parcours pour sensibiliser au handicap visuel - Fonds Ali\u00e9nor<\/title>\n<meta name=\"robots\" content=\"index, follow, max-snippet:-1, max-image-preview:large, max-video-preview:-1\" \/>\n<link rel=\"canonical\" href=\"https:\/\/www.fonds-alienor.fr\/les-yeux-grands-fermes-du-futuroscope-20-ans-dengagement-et-un-nouveau-parcours-pour-sensibiliser-au-handicap-visuel\/\" \/>\n<meta property=\"og:locale\" content=\"en_US\" \/>\n<meta property=\"og:type\" content=\"article\" \/>\n<meta property=\"og:title\" content=\"&quot;Les yeux grands ferm\u00e9s&quot; du Futuroscope : 20 ans d&#039;engagement et un nouveau parcours pour sensibiliser au handicap visuel - Fonds Ali\u00e9nor\" \/>\n<meta property=\"og:description\" content=\"L&#8217;attraction embl\u00e9matique du Futuroscope, &#8220;Les yeux grands ferm\u00e9s&#8221;, a franchi un cap majeur ce week-end en c\u00e9l\u00e9brant son 20e anniversaire et l&#8217;accueil de son deux millioni\u00e8me visiteur. Bien plus qu&#8217;une simple exp\u00e9rience sensorielle, cette initiative unique en France s&#8217;est impos\u00e9e comme une importante action de sensibilisation au handicap visuel, permettant aux valides de se glisser [&hellip;]\" \/>\n<meta property=\"og:url\" content=\"https:\/\/www.fonds-alienor.fr\/les-yeux-grands-fermes-du-futuroscope-20-ans-dengagement-et-un-nouveau-parcours-pour-sensibiliser-au-handicap-visuel\/\" \/>\n<meta property=\"og:site_name\" content=\"Fonds Ali\u00e9nor\" \/>\n<meta property=\"article:publisher\" content=\"https:\/\/www.facebook.com\/chudepoitiers\" \/>\n<meta property=\"article:published_time\" content=\"2025-04-08T14:05:48+00:00\" \/>\n<meta property=\"article:modified_time\" content=\"2025-04-08T14:06:19+00:00\" \/>\n<meta property=\"og:image\" content=\"https:\/\/www.fonds-alienor.fr\/wp-content\/uploads\/2025\/04\/1743970590688.jpg\" \/>\n\t<meta property=\"og:image:width\" content=\"2048\" \/>\n\t<meta property=\"og:image:height\" content=\"1536\" \/>\n\t<meta property=\"og:image:type\" content=\"image\/jpeg\" \/>\n<meta name=\"author\" content=\"Communication CHU\" \/>\n<meta name=\"twitter:card\" content=\"summary_large_image\" \/>\n<meta name=\"twitter:creator\" content=\"@CHU_de_Poitiers\" \/>\n<meta name=\"twitter:site\" content=\"@CHU_de_Poitiers\" \/>\n<meta name=\"twitter:label1\" content=\"Written by\" \/>\n\t<meta name=\"twitter:data1\" content=\"Communication CHU\" \/>\n\t<meta name=\"twitter:label2\" content=\"Est. reading time\" \/>\n\t<meta name=\"twitter:data2\" content=\"2 minutes\" \/>\n<script type=\"application\/ld+json\" class=\"yoast-schema-graph\">{\"@context\":\"https:\\\/\\\/schema.org\",\"@graph\":[{\"@type\":\"Article\",\"@id\":\"https:\\\/\\\/www.fonds-alienor.fr\\\/les-yeux-grands-fermes-du-futuroscope-20-ans-dengagement-et-un-nouveau-parcours-pour-sensibiliser-au-handicap-visuel\\\/#article\",\"isPartOf\":{\"@id\":\"https:\\\/\\\/www.fonds-alienor.fr\\\/les-yeux-grands-fermes-du-futuroscope-20-ans-dengagement-et-un-nouveau-parcours-pour-sensibiliser-au-handicap-visuel\\\/\"},\"author\":{\"name\":\"Communication CHU\",\"@id\":\"https:\\\/\\\/www.fonds-alienor.fr\\\/en\\\/#\\\/schema\\\/person\\\/dfcb6f976a0035c0d28ef0ec1162497d\"},\"headline\":\"&#8220;Les yeux grands ferm\u00e9s&#8221; du Futuroscope : 20 ans d&#8217;engagement et un nouveau parcours pour sensibiliser au handicap visuel\",\"datePublished\":\"2025-04-08T14:05:48+00:00\",\"dateModified\":\"2025-04-08T14:06:19+00:00\",\"mainEntityOfPage\":{\"@id\":\"https:\\\/\\\/www.fonds-alienor.fr\\\/les-yeux-grands-fermes-du-futuroscope-20-ans-dengagement-et-un-nouveau-parcours-pour-sensibiliser-au-handicap-visuel\\\/\"},\"wordCount\":300,\"publisher\":{\"@id\":\"https:\\\/\\\/www.fonds-alienor.fr\\\/en\\\/#organization\"},\"image\":{\"@id\":\"https:\\\/\\\/www.fonds-alienor.fr\\\/les-yeux-grands-fermes-du-futuroscope-20-ans-dengagement-et-un-nouveau-parcours-pour-sensibiliser-au-handicap-visuel\\\/#primaryimage\"},\"thumbnailUrl\":\"https:\\\/\\\/www.fonds-alienor.fr\\\/wp-content\\\/uploads\\\/2025\\\/04\\\/1743970590688.jpg\",\"articleSection\":[\"Non classifi\u00e9(e)\"],\"inLanguage\":\"en-US\"},{\"@type\":\"WebPage\",\"@id\":\"https:\\\/\\\/www.fonds-alienor.fr\\\/les-yeux-grands-fermes-du-futuroscope-20-ans-dengagement-et-un-nouveau-parcours-pour-sensibiliser-au-handicap-visuel\\\/\",\"url\":\"https:\\\/\\\/www.fonds-alienor.fr\\\/les-yeux-grands-fermes-du-futuroscope-20-ans-dengagement-et-un-nouveau-parcours-pour-sensibiliser-au-handicap-visuel\\\/\",\"name\":\"\\\"Les yeux grands ferm\u00e9s\\\" du Futuroscope : 20 ans d'engagement et un nouveau parcours pour sensibiliser au handicap visuel - Fonds Ali\u00e9nor\",\"isPartOf\":{\"@id\":\"https:\\\/\\\/www.fonds-alienor.fr\\\/en\\\/#website\"},\"primaryImageOfPage\":{\"@id\":\"https:\\\/\\\/www.fonds-alienor.fr\\\/les-yeux-grands-fermes-du-futuroscope-20-ans-dengagement-et-un-nouveau-parcours-pour-sensibiliser-au-handicap-visuel\\\/#primaryimage\"},\"image\":{\"@id\":\"https:\\\/\\\/www.fonds-alienor.fr\\\/les-yeux-grands-fermes-du-futuroscope-20-ans-dengagement-et-un-nouveau-parcours-pour-sensibiliser-au-handicap-visuel\\\/#primaryimage\"},\"thumbnailUrl\":\"https:\\\/\\\/www.fonds-alienor.fr\\\/wp-content\\\/uploads\\\/2025\\\/04\\\/1743970590688.jpg\",\"datePublished\":\"2025-04-08T14:05:48+00:00\",\"dateModified\":\"2025-04-08T14:06:19+00:00\",\"breadcrumb\":{\"@id\":\"https:\\\/\\\/www.fonds-alienor.fr\\\/les-yeux-grands-fermes-du-futuroscope-20-ans-dengagement-et-un-nouveau-parcours-pour-sensibiliser-au-handicap-visuel\\\/#breadcrumb\"},\"inLanguage\":\"en-US\",\"potentialAction\":[{\"@type\":\"ReadAction\",\"target\":[\"https:\\\/\\\/www.fonds-alienor.fr\\\/les-yeux-grands-fermes-du-futuroscope-20-ans-dengagement-et-un-nouveau-parcours-pour-sensibiliser-au-handicap-visuel\\\/\"]}]},{\"@type\":\"ImageObject\",\"inLanguage\":\"en-US\",\"@id\":\"https:\\\/\\\/www.fonds-alienor.fr\\\/les-yeux-grands-fermes-du-futuroscope-20-ans-dengagement-et-un-nouveau-parcours-pour-sensibiliser-au-handicap-visuel\\\/#primaryimage\",\"url\":\"https:\\\/\\\/www.fonds-alienor.fr\\\/wp-content\\\/uploads\\\/2025\\\/04\\\/1743970590688.jpg\",\"contentUrl\":\"https:\\\/\\\/www.fonds-alienor.fr\\\/wp-content\\\/uploads\\\/2025\\\/04\\\/1743970590688.jpg\",\"width\":2048,\"height\":1536,\"caption\":\"YGF\"},{\"@type\":\"BreadcrumbList\",\"@id\":\"https:\\\/\\\/www.fonds-alienor.fr\\\/les-yeux-grands-fermes-du-futuroscope-20-ans-dengagement-et-un-nouveau-parcours-pour-sensibiliser-au-handicap-visuel\\\/#breadcrumb\",\"itemListElement\":[{\"@type\":\"ListItem\",\"position\":1,\"name\":\"Accueil\",\"item\":\"https:\\\/\\\/www.fonds-alienor.fr\\\/en\\\/\"},{\"@type\":\"ListItem\",\"position\":2,\"name\":\"\u00ab\u00a0Les yeux grands ferm\u00e9s\u00a0\u00bb du Futuroscope : 20 ans d&rsquo;engagement et un nouveau parcours pour sensibiliser au handicap visuel\"}]},{\"@type\":\"WebSite\",\"@id\":\"https:\\\/\\\/www.fonds-alienor.fr\\\/en\\\/#website\",\"url\":\"https:\\\/\\\/www.fonds-alienor.fr\\\/en\\\/\",\"name\":\"Fonds Ali\u00e9nor\",\"description\":\"Emmenons la recherche m\u00e9dicale\",\"publisher\":{\"@id\":\"https:\\\/\\\/www.fonds-alienor.fr\\\/en\\\/#organization\"},\"potentialAction\":[{\"@type\":\"SearchAction\",\"target\":{\"@type\":\"EntryPoint\",\"urlTemplate\":\"https:\\\/\\\/www.fonds-alienor.fr\\\/en\\\/?s={search_term_string}\"},\"query-input\":{\"@type\":\"PropertyValueSpecification\",\"valueRequired\":true,\"valueName\":\"search_term_string\"}}],\"inLanguage\":\"en-US\"},{\"@type\":\"Organization\",\"@id\":\"https:\\\/\\\/www.fonds-alienor.fr\\\/en\\\/#organization\",\"name\":\"Fonds Ali\u00e9nor du CHU de Poitiers\",\"url\":\"https:\\\/\\\/www.fonds-alienor.fr\\\/en\\\/\",\"logo\":{\"@type\":\"ImageObject\",\"inLanguage\":\"en-US\",\"@id\":\"https:\\\/\\\/www.fonds-alienor.fr\\\/en\\\/#\\\/schema\\\/logo\\\/image\\\/\",\"url\":\"https:\\\/\\\/www.fonds-alienor.fr\\\/wp-content\\\/uploads\\\/2025\\\/10\\\/logo_114px.png\",\"contentUrl\":\"https:\\\/\\\/www.fonds-alienor.fr\\\/wp-content\\\/uploads\\\/2025\\\/10\\\/logo_114px.png\",\"width\":114,\"height\":114,\"caption\":\"Fonds Ali\u00e9nor du CHU de Poitiers\"},\"image\":{\"@id\":\"https:\\\/\\\/www.fonds-alienor.fr\\\/en\\\/#\\\/schema\\\/logo\\\/image\\\/\"},\"sameAs\":[\"https:\\\/\\\/www.facebook.com\\\/chudepoitiers\",\"https:\\\/\\\/x.com\\\/CHU_de_Poitiers\",\"https:\\\/\\\/www.linkedin.com\\\/company\\\/chu-poitiers?trk=company_logo\",\"https:\\\/\\\/www.youtube.com\\\/channel\\\/UCPpTSqyLsR5a-hXJA7zZ6cA\"]},{\"@type\":\"Person\",\"@id\":\"https:\\\/\\\/www.fonds-alienor.fr\\\/en\\\/#\\\/schema\\\/person\\\/dfcb6f976a0035c0d28ef0ec1162497d\",\"name\":\"Communication CHU\",\"image\":{\"@type\":\"ImageObject\",\"inLanguage\":\"en-US\",\"@id\":\"https:\\\/\\\/secure.gravatar.com\\\/avatar\\\/e8241b1c4008757b3d6534121ad6d468fe3328c0ca9477a2023015afad018635?s=96&d=mm&r=g\",\"url\":\"https:\\\/\\\/secure.gravatar.com\\\/avatar\\\/e8241b1c4008757b3d6534121ad6d468fe3328c0ca9477a2023015afad018635?s=96&d=mm&r=g\",\"contentUrl\":\"https:\\\/\\\/secure.gravatar.com\\\/avatar\\\/e8241b1c4008757b3d6534121ad6d468fe3328c0ca9477a2023015afad018635?s=96&d=mm&r=g\",\"caption\":\"Communication CHU\"},\"url\":\"https:\\\/\\\/www.fonds-alienor.fr\\\/en\\\/\"}]}<\/script>\n<!-- \/ Yoast SEO plugin. -->","yoast_head_json":{"title":"\"Les yeux grands ferm\u00e9s\" du Futuroscope : 20 ans d'engagement et un nouveau parcours pour sensibiliser au handicap visuel - Fonds Ali\u00e9nor","robots":{"index":"index","follow":"follow","max-snippet":"max-snippet:-1","max-image-preview":"max-image-preview:large","max-video-preview":"max-video-preview:-1"},"canonical":"https:\/\/www.fonds-alienor.fr\/les-yeux-grands-fermes-du-futuroscope-20-ans-dengagement-et-un-nouveau-parcours-pour-sensibiliser-au-handicap-visuel\/","og_locale":"en_US","og_type":"article","og_title":"\"Les yeux grands ferm\u00e9s\" du Futuroscope : 20 ans d'engagement et un nouveau parcours pour sensibiliser au handicap visuel - Fonds Ali\u00e9nor","og_description":"L&#8217;attraction embl\u00e9matique du Futuroscope, &#8220;Les yeux grands ferm\u00e9s&#8221;, a franchi un cap majeur ce week-end en c\u00e9l\u00e9brant son 20e anniversaire et l&#8217;accueil de son deux millioni\u00e8me visiteur. Bien plus qu&#8217;une simple exp\u00e9rience sensorielle, cette initiative unique en France s&#8217;est impos\u00e9e comme une importante action de sensibilisation au handicap visuel, permettant aux valides de se glisser [&hellip;]","og_url":"https:\/\/www.fonds-alienor.fr\/les-yeux-grands-fermes-du-futuroscope-20-ans-dengagement-et-un-nouveau-parcours-pour-sensibiliser-au-handicap-visuel\/","og_site_name":"Fonds Ali\u00e9nor","article_publisher":"https:\/\/www.facebook.com\/chudepoitiers","article_published_time":"2025-04-08T14:05:48+00:00","article_modified_time":"2025-04-08T14:06:19+00:00","og_image":[{"width":2048,"height":1536,"url":"https:\/\/www.fonds-alienor.fr\/wp-content\/uploads\/2025\/04\/1743970590688.jpg","type":"image\/jpeg"}],"author":"Communication CHU","twitter_card":"summary_large_image","twitter_creator":"@CHU_de_Poitiers","twitter_site":"@CHU_de_Poitiers","twitter_misc":{"Written by":"Communication CHU","Est. reading time":"2 minutes"},"schema":{"@context":"https:\/\/schema.org","@graph":[{"@type":"Article","@id":"https:\/\/www.fonds-alienor.fr\/les-yeux-grands-fermes-du-futuroscope-20-ans-dengagement-et-un-nouveau-parcours-pour-sensibiliser-au-handicap-visuel\/#article","isPartOf":{"@id":"https:\/\/www.fonds-alienor.fr\/les-yeux-grands-fermes-du-futuroscope-20-ans-dengagement-et-un-nouveau-parcours-pour-sensibiliser-au-handicap-visuel\/"},"author":{"name":"Communication CHU","@id":"https:\/\/www.fonds-alienor.fr\/en\/#\/schema\/person\/dfcb6f976a0035c0d28ef0ec1162497d"},"headline":"&#8220;Les yeux grands ferm\u00e9s&#8221; du Futuroscope : 20 ans d&#8217;engagement et un nouveau parcours pour sensibiliser au handicap visuel","datePublished":"2025-04-08T14:05:48+00:00","dateModified":"2025-04-08T14:06:19+00:00","mainEntityOfPage":{"@id":"https:\/\/www.fonds-alienor.fr\/les-yeux-grands-fermes-du-futuroscope-20-ans-dengagement-et-un-nouveau-parcours-pour-sensibiliser-au-handicap-visuel\/"},"wordCount":300,"publisher":{"@id":"https:\/\/www.fonds-alienor.fr\/en\/#organization"},"image":{"@id":"https:\/\/www.fonds-alienor.fr\/les-yeux-grands-fermes-du-futuroscope-20-ans-dengagement-et-un-nouveau-parcours-pour-sensibiliser-au-handicap-visuel\/#primaryimage"},"thumbnailUrl":"https:\/\/www.fonds-alienor.fr\/wp-content\/uploads\/2025\/04\/1743970590688.jpg","articleSection":["Non classifi\u00e9(e)"],"inLanguage":"en-US"},{"@type":"WebPage","@id":"https:\/\/www.fonds-alienor.fr\/les-yeux-grands-fermes-du-futuroscope-20-ans-dengagement-et-un-nouveau-parcours-pour-sensibiliser-au-handicap-visuel\/","url":"https:\/\/www.fonds-alienor.fr\/les-yeux-grands-fermes-du-futuroscope-20-ans-dengagement-et-un-nouveau-parcours-pour-sensibiliser-au-handicap-visuel\/","name":"\"Les yeux grands ferm\u00e9s\" du Futuroscope : 20 ans d'engagement et un nouveau parcours pour sensibiliser au handicap visuel - Fonds Ali\u00e9nor","isPartOf":{"@id":"https:\/\/www.fonds-alienor.fr\/en\/#website"},"primaryImageOfPage":{"@id":"https:\/\/www.fonds-alienor.fr\/les-yeux-grands-fermes-du-futuroscope-20-ans-dengagement-et-un-nouveau-parcours-pour-sensibiliser-au-handicap-visuel\/#primaryimage"},"image":{"@id":"https:\/\/www.fonds-alienor.fr\/les-yeux-grands-fermes-du-futuroscope-20-ans-dengagement-et-un-nouveau-parcours-pour-sensibiliser-au-handicap-visuel\/#primaryimage"},"thumbnailUrl":"https:\/\/www.fonds-alienor.fr\/wp-content\/uploads\/2025\/04\/1743970590688.jpg","datePublished":"2025-04-08T14:05:48+00:00","dateModified":"2025-04-08T14:06:19+00:00","breadcrumb":{"@id":"https:\/\/www.fonds-alienor.fr\/les-yeux-grands-fermes-du-futuroscope-20-ans-dengagement-et-un-nouveau-parcours-pour-sensibiliser-au-handicap-visuel\/#breadcrumb"},"inLanguage":"en-US","potentialAction":[{"@type":"ReadAction","target":["https:\/\/www.fonds-alienor.fr\/les-yeux-grands-fermes-du-futuroscope-20-ans-dengagement-et-un-nouveau-parcours-pour-sensibiliser-au-handicap-visuel\/"]}]},{"@type":"ImageObject","inLanguage":"en-US","@id":"https:\/\/www.fonds-alienor.fr\/les-yeux-grands-fermes-du-futuroscope-20-ans-dengagement-et-un-nouveau-parcours-pour-sensibiliser-au-handicap-visuel\/#primaryimage","url":"https:\/\/www.fonds-alienor.fr\/wp-content\/uploads\/2025\/04\/1743970590688.jpg","contentUrl":"https:\/\/www.fonds-alienor.fr\/wp-content\/uploads\/2025\/04\/1743970590688.jpg","width":2048,"height":1536,"caption":"YGF"},{"@type":"BreadcrumbList","@id":"https:\/\/www.fonds-alienor.fr\/les-yeux-grands-fermes-du-futuroscope-20-ans-dengagement-et-un-nouveau-parcours-pour-sensibiliser-au-handicap-visuel\/#breadcrumb","itemListElement":[{"@type":"ListItem","position":1,"name":"Accueil","item":"https:\/\/www.fonds-alienor.fr\/en\/"},{"@type":"ListItem","position":2,"name":"\u00ab\u00a0Les yeux grands ferm\u00e9s\u00a0\u00bb du Futuroscope : 20 ans d&rsquo;engagement et un nouveau parcours pour sensibiliser au handicap visuel"}]},{"@type":"WebSite","@id":"https:\/\/www.fonds-alienor.fr\/en\/#website","url":"https:\/\/www.fonds-alienor.fr\/en\/","name":"Fonds Ali\u00e9nor","description":"Emmenons la recherche m\u00e9dicale","publisher":{"@id":"https:\/\/www.fonds-alienor.fr\/en\/#organization"},"potentialAction":[{"@type":"SearchAction","target":{"@type":"EntryPoint","urlTemplate":"https:\/\/www.fonds-alienor.fr\/en\/?s={search_term_string}"},"query-input":{"@type":"PropertyValueSpecification","valueRequired":true,"valueName":"search_term_string"}}],"inLanguage":"en-US"},{"@type":"Organization","@id":"https:\/\/www.fonds-alienor.fr\/en\/#organization","name":"Fonds Ali\u00e9nor du CHU de Poitiers","url":"https:\/\/www.fonds-alienor.fr\/en\/","logo":{"@type":"ImageObject","inLanguage":"en-US","@id":"https:\/\/www.fonds-alienor.fr\/en\/#\/schema\/logo\/image\/","url":"https:\/\/www.fonds-alienor.fr\/wp-content\/uploads\/2025\/10\/logo_114px.png","contentUrl":"https:\/\/www.fonds-alienor.fr\/wp-content\/uploads\/2025\/10\/logo_114px.png","width":114,"height":114,"caption":"Fonds Ali\u00e9nor du CHU de Poitiers"},"image":{"@id":"https:\/\/www.fonds-alienor.fr\/en\/#\/schema\/logo\/image\/"},"sameAs":["https:\/\/www.facebook.com\/chudepoitiers","https:\/\/x.com\/CHU_de_Poitiers","https:\/\/www.linkedin.com\/company\/chu-poitiers?trk=company_logo","https:\/\/www.youtube.com\/channel\/UCPpTSqyLsR5a-hXJA7zZ6cA"]},{"@type":"Person","@id":"https:\/\/www.fonds-alienor.fr\/en\/#\/schema\/person\/dfcb6f976a0035c0d28ef0ec1162497d","name":"Communication CHU","image":{"@type":"ImageObject","inLanguage":"en-US","@id":"https:\/\/secure.gravatar.com\/avatar\/e8241b1c4008757b3d6534121ad6d468fe3328c0ca9477a2023015afad018635?s=96&d=mm&r=g","url":"https:\/\/secure.gravatar.com\/avatar\/e8241b1c4008757b3d6534121ad6d468fe3328c0ca9477a2023015afad018635?s=96&d=mm&r=g","contentUrl":"https:\/\/secure.gravatar.com\/avatar\/e8241b1c4008757b3d6534121ad6d468fe3328c0ca9477a2023015afad018635?s=96&d=mm&r=g","caption":"Communication CHU"},"url":"https:\/\/www.fonds-alienor.fr\/en\/"}]}},"_links":{"self":[{"href":"https:\/\/www.fonds-alienor.fr\/en\/wp-json\/wp\/v2\/posts\/9898","targetHints":{"allow":["GET"]}}],"collection":[{"href":"https:\/\/www.fonds-alienor.fr\/en\/wp-json\/wp\/v2\/posts"}],"about":[{"href":"https:\/\/www.fonds-alienor.fr\/en\/wp-json\/wp\/v2\/types\/post"}],"author":[{"embeddable":true,"href":"https:\/\/www.fonds-alienor.fr\/en\/wp-json\/wp\/v2\/users\/13"}],"replies":[{"embeddable":true,"href":"https:\/\/www.fonds-alienor.fr\/en\/wp-json\/wp\/v2\/comments?post=9898"}],"version-history":[{"count":1,"href":"https:\/\/www.fonds-alienor.fr\/en\/wp-json\/wp\/v2\/posts\/9898\/revisions"}],"predecessor-version":[{"id":9925,"href":"https:\/\/www.fonds-alienor.fr\/en\/wp-json\/wp\/v2\/posts\/9898\/revisions\/9925"}],"wp:featuredmedia":[{"embeddable":true,"href":"https:\/\/www.fonds-alienor.fr\/en\/wp-json\/wp\/v2\/media\/9901"}],"wp:attachment":[{"href":"https:\/\/www.fonds-alienor.fr\/en\/wp-json\/wp\/v2\/media?parent=9898"}],"wp:term":[{"taxonomy":"category","embeddable":true,"href":"https:\/\/www.fonds-alienor.fr\/en\/wp-json\/wp\/v2\/categories?post=9898"},{"taxonomy":"post_tag","embeddable":true,"href":"https:\/\/www.fonds-alienor.fr\/en\/wp-json\/wp\/v2\/tags?post=9898"}],"curies":[{"name":"wp","href":"https:\/\/api.w.org\/{rel}","templated":true}]}}